{"id":82134,"date":"2025-04-29T06:39:33","date_gmt":"2025-04-29T12:39:33","guid":{"rendered":"https:\/\/elinformante.mx\/?p=82134"},"modified":"2025-04-29T06:39:37","modified_gmt":"2025-04-29T12:39:37","slug":"mara-lezama-participa-en-la-inauguracion-de-la-49a-edicion-del-tianguis-turistico-de-mexico","status":"publish","type":"post","link":"https:\/\/elinformante.mx\/?p=82134","title":{"rendered":"Mara Lezama participa en la inauguraci\u00f3n de la 49\u00aa Edici\u00f3n del Tianguis Tur\u00edstico de M\u00e9xico"},"content":{"rendered":"\n<figure class=\"wp-block-pullquote\"><blockquote><p>El Caribe Mexicano participa con los 12 destinos, empresas, prestadores de servicios y representantes del sector p\u00fablico y privado<\/p><\/blockquote><\/figure>\n\n\n\n<p class=\"has-drop-cap\">La gobernadora Mara Lezama Espinosa particip\u00f3 en la inauguraci\u00f3n y corte del list\u00f3n inaugural de la edici\u00f3n 49 del Tianguis Tur\u00edstico de M\u00e9xico 2025, que se celebra en Rosarito, Baja California, junto con la Secretaria Josefina Rodr\u00edguez Zamora, y la titular del Ejecutivo de ese estado, Marina del Pilar \u00c1vila Olmeda.<br><\/p>\n\n\n\n<p>Mara Lezama encabeza a la delegaci\u00f3n que representa al Caribe Mexicano. Destac\u00f3 que la participaci\u00f3n de Quintana Roo en este evento reafirma el compromiso de su administraci\u00f3n por impulsar al turismo como el motor econ\u00f3mico y de prosperidad compartida para las y los quintanarroenses.<br><\/p>\n\n\n\n<p>\u201cEl turismo no solo es una actividad econ\u00f3mica, es una herramienta de transformaci\u00f3n social. Estamos aqu\u00ed para fortalecer alianzas, abrir nuevos mercados y mostrar al mundo que en Quintana Roo estamos trabajando para que el bienestar llegue a todos los rincones del estado\u201d, expres\u00f3 Mara Lezama.<br><\/p>\n\n\n\n<p>Con la presencia de los 12 destinos, de Quintana Roo, empresas, prestadores de servicios y representantes del sector p\u00fablico y privado, el Tianguis Tur\u00edstico se convierte en una plataforma importante en la promoci\u00f3n de la riqueza natural, cultural y gastron\u00f3mica del estado, y contin\u00faa posicion\u00e1ndose como referente mundial en turismo sustentable, incluyente e innovador.<br><\/p>\n\n\n\n<figure class=\"wp-block-image size-large\"><img fetchpriority=\"high\" decoding=\"async\" width=\"1024\" height=\"506\" src=\"https:\/\/elinformante.mx\/wp-content\/uploads\/2025\/04\/4mara-2-7-1024x506.jpg\" alt=\"\" class=\"wp-image-82136\" srcset=\"https:\/\/elinformante.mx\/wp-content\/uploads\/2025\/04\/4mara-2-7-1024x506.jpg 1024w, https:\/\/elinformante.mx\/wp-content\/uploads\/2025\/04\/4mara-2-7-300x148.jpg 300w, https:\/\/elinformante.mx\/wp-content\/uploads\/2025\/04\/4mara-2-7-768x379.jpg 768w, https:\/\/elinformante.mx\/wp-content\/uploads\/2025\/04\/4mara-2-7.jpg 1140w\" sizes=\"(max-width: 1024px) 100vw, 1024px\" \/><\/figure>\n\n\n\n<p>Durante el evento inaugural, la secretaria Josefina Rodr\u00edguez Zamora destac\u00f3 que en este Tianguis, que por primera vez es binacional, participan las 32 entidades del pa\u00eds, con 3 mil 216 expositores, mil 259 empresas, mil 700 compradores, 75 mil citas de negocios y 44 pa\u00edses presentes.<br><\/p>\n\n\n\n<p>Al hablar de la fortaleza tur\u00edstica de M\u00e9xico, expres\u00f3 que el Tren Maya es un producto \u00fanico en el mundo, pues a trav\u00e9s de sus mil 500 kil\u00f3metros hay infraestructura como hoteles, parques, museos, pero adem\u00e1s una gran riqueza, las comunidades ind\u00edgenas.<br><\/p>\n\n\n\n<p>Con una gran participaci\u00f3n internacional inici\u00f3 el evento m\u00e1s importante del sector tur\u00edstico en M\u00e9xico, que por primera vez en su historia se celebra con un car\u00e1cter bilateral entre M\u00e9xico y Estados Unidos, consolid\u00e1ndose como un puente de cooperaci\u00f3n, promoci\u00f3n y fortalecimiento de la actividad tur\u00edstica en Am\u00e9rica del Norte, el principal emisor de turistas para M\u00e9xico y el Caribe Mexicano, con el 36.7 por ciento del total de pasajeros en 2024.<br><\/p>\n\n\n\n<p>La gobernadora de Baja California, Marina del Pilar \u00c1vila Olmeda, dio a bienvenida a todas y todos a este Tianguis que por primera vez se celebra en un estado de la frontera norte.<\/p>\n","protected":false},"excerpt":{"rendered":"<p>El Caribe Mexicano participa con los 12 destinos, empresas, prestadores de servicios y representantes del sector p\u00fablico y privado La gobernadora Mara Lezama Espinosa particip\u00f3 en la inauguraci\u00f3n y corte del list\u00f3n inaugural de la edici\u00f3n 49 del Tianguis Tur\u00edstico de M\u00e9xico 2025, que se celebra en Rosarito, Baja California, junto con la Secretaria Josefina [&hellip;]<\/p>\n","protected":false},"author":1,"featured_media":82135,"comment_status":"closed","ping_status":"closed","sticky":false,"template":"","format":"standard","meta":{"footnotes":""},"categories":[30,34],"tags":[],"class_list":["post-82134","post","type-post","status-publish","format-standard","has-post-thumbnail","hentry","category-destacado","category-nacional"],"_links":{"self":[{"href":"https:\/\/elinformante.mx\/index.php?rest_route=\/wp\/v2\/posts\/82134","targetHints":{"allow":["GET"]}}],"collection":[{"href":"https:\/\/elinformante.mx\/index.php?rest_route=\/wp\/v2\/posts"}],"about":[{"href":"https:\/\/elinformante.mx\/index.php?rest_route=\/wp\/v2\/types\/post"}],"author":[{"embeddable":true,"href":"https:\/\/elinformante.mx\/index.php?rest_route=\/wp\/v2\/users\/1"}],"replies":[{"embeddable":true,"href":"https:\/\/elinformante.mx\/index.php?rest_route=%2Fwp%2Fv2%2Fcomments&post=82134"}],"version-history":[{"count":0,"href":"https:\/\/elinformante.mx\/index.php?rest_route=\/wp\/v2\/posts\/82134\/revisions"}],"wp:featuredmedia":[{"embeddable":true,"href":"https:\/\/elinformante.mx\/index.php?rest_route=\/wp\/v2\/media\/82135"}],"wp:attachment":[{"href":"https:\/\/elinformante.mx\/index.php?rest_route=%2Fwp%2Fv2%2Fmedia&parent=82134"}],"wp:term":[{"taxonomy":"category","embeddable":true,"href":"https:\/\/elinformante.mx\/index.php?rest_route=%2Fwp%2Fv2%2Fcategories&post=82134"},{"taxonomy":"post_tag","embeddable":true,"href":"https:\/\/elinformante.mx\/index.php?rest_route=%2Fwp%2Fv2%2Ftags&post=82134"}],"curies":[{"name":"wp","href":"https:\/\/api.w.org\/{rel}","templated":true}]}}