{"id":82151,"date":"2025-04-29T06:49:48","date_gmt":"2025-04-29T12:49:48","guid":{"rendered":"https:\/\/elinformante.mx\/?p=82151"},"modified":"2025-04-29T06:49:49","modified_gmt":"2025-04-29T12:49:49","slug":"en-mexico-durante-marzo-se-generaron-562-mil-empleos-inegi","status":"publish","type":"post","link":"https:\/\/elinformante.mx\/?p=82151","title":{"rendered":"EN M\u00c9XICO DURANTE MARZO SE GENERARON 562 MIL EMPLEOS: INEGI"},"content":{"rendered":"\n<figure class=\"wp-block-pullquote\"><blockquote><p>La tasa de desocupaci\u00f3n disminuy\u00f3 2.22% de la poblaci\u00f3n econ\u00f3micamente activa en marzo<\/p><\/blockquote><\/figure>\n\n\n\n<p class=\"has-drop-cap\">En el tercer mes del a\u00f1o se generaron 562 mil empleos en general en M\u00e9xico, generando que la tasa de desocupaci\u00f3n alcanzara un m\u00ednimo r\u00e9cord con cifras originales, revelan los datos publicados por el Instituto Nacional de Estad\u00edstica y Geograf\u00eda (Inegi).<br><\/p>\n\n\n\n<p>Se\u00f1alaron que el n\u00famero de desempleados disminuy\u00f3 en 167 mil personas durante el tercer mes de 2025 para llegar a un mill\u00f3n 357 mil, con lo que la tasa de desocupaci\u00f3n con base en cifras originales disminuy\u00f3 de 2.51% en febrero a 2.22% de la poblaci\u00f3n econ\u00f3micamente activa en marzo, la tasa m\u00e1s baja de la que se tenga registro.<br><\/p>\n\n\n\n<figure class=\"wp-block-image size-large\"><img fetchpriority=\"high\" decoding=\"async\" width=\"1024\" height=\"506\" src=\"https:\/\/elinformante.mx\/wp-content\/uploads\/2025\/04\/9EN-MEXICO-3-1024x506.jpg\" alt=\"\" class=\"wp-image-82153\" srcset=\"https:\/\/elinformante.mx\/wp-content\/uploads\/2025\/04\/9EN-MEXICO-3-1024x506.jpg 1024w, https:\/\/elinformante.mx\/wp-content\/uploads\/2025\/04\/9EN-MEXICO-3-300x148.jpg 300w, https:\/\/elinformante.mx\/wp-content\/uploads\/2025\/04\/9EN-MEXICO-3-768x379.jpg 768w, https:\/\/elinformante.mx\/wp-content\/uploads\/2025\/04\/9EN-MEXICO-3.jpg 1140w\" sizes=\"(max-width: 1024px) 100vw, 1024px\" \/><\/figure>\n\n\n\n<p>En el sector informal se generaron 219 mil plazas durante marzo pasado, mientras que en el formal se crearon 343 mil puestos, cifra que contrasta con los datos del IMSS, en donde se registr\u00f3 la apertura de 34 mil, en este sentido, se puede inferir que se abrieron empleos en otras \u00e1reas, tales como trabajadores federales y estatales, as\u00ed como en el ej\u00e9rcito.<br><\/p>\n\n\n\n<p>En el sector de los servicios fue el principal responsable del repunte del empleo en el pa\u00eds con la creaci\u00f3n de un mill\u00f3n 62 mil plazas en marzo, as\u00ed como 76 mil m\u00e1s en sectores no identificados. Por el contrario, se perdieron 123 mil puestos en la industria y 452 mil menos en el \u00e1mbito agropecuario.<br><\/p>\n\n\n\n<figure class=\"wp-block-image size-large\"><img decoding=\"async\" width=\"1024\" height=\"506\" src=\"https:\/\/elinformante.mx\/wp-content\/uploads\/2025\/04\/9EN-MEXICO-5-1024x506.jpg\" alt=\"\" class=\"wp-image-82155\" srcset=\"https:\/\/elinformante.mx\/wp-content\/uploads\/2025\/04\/9EN-MEXICO-5-1024x506.jpg 1024w, https:\/\/elinformante.mx\/wp-content\/uploads\/2025\/04\/9EN-MEXICO-5-300x148.jpg 300w, https:\/\/elinformante.mx\/wp-content\/uploads\/2025\/04\/9EN-MEXICO-5-768x379.jpg 768w, https:\/\/elinformante.mx\/wp-content\/uploads\/2025\/04\/9EN-MEXICO-5.jpg 1140w\" sizes=\"(max-width: 1024px) 100vw, 1024px\" \/><\/figure>\n\n\n\n<p>D\u00f3nde m\u00e1s se crearon empleos fue transportes, comunicaciones, correo y almacenamiento con 437 mil plazas; seguida de gobierno y organismos internacionales con 351 mil puestos; as\u00ed como servicios profesionales, financieros y corporativos donde se abrieron 273 mil empleos en el tercer mes del a\u00f1o.<br><\/p>\n\n\n\n<p>Adem\u00e1s del sector agr\u00edcola, las actividades donde m\u00e1s se perdieron empleos durante el periodo de referencia, fueron: La industria extractiva y de la electricidad con 86 mil plazas; servicios sociales donde se eliminaron 72 mil; y la industria de la construcci\u00f3n con 37 mil menos.<\/p>\n\n\n\n<figure class=\"wp-block-image size-large\"><img decoding=\"async\" width=\"1024\" height=\"506\" src=\"https:\/\/elinformante.mx\/wp-content\/uploads\/2025\/04\/9EN-MEXICO-1024x506.jpg\" alt=\"\" class=\"wp-image-82156\" srcset=\"https:\/\/elinformante.mx\/wp-content\/uploads\/2025\/04\/9EN-MEXICO-1024x506.jpg 1024w, https:\/\/elinformante.mx\/wp-content\/uploads\/2025\/04\/9EN-MEXICO-300x148.jpg 300w, https:\/\/elinformante.mx\/wp-content\/uploads\/2025\/04\/9EN-MEXICO-768x379.jpg 768w, https:\/\/elinformante.mx\/wp-content\/uploads\/2025\/04\/9EN-MEXICO.jpg 1140w\" sizes=\"(max-width: 1024px) 100vw, 1024px\" \/><\/figure>\n","protected":false},"excerpt":{"rendered":"<p>La tasa de desocupaci\u00f3n disminuy\u00f3 2.22% de la poblaci\u00f3n econ\u00f3micamente activa en marzo En el tercer mes del a\u00f1o se generaron 562 mil empleos en general en M\u00e9xico, generando que la tasa de desocupaci\u00f3n alcanzara un m\u00ednimo r\u00e9cord con cifras originales, revelan los datos publicados por el Instituto Nacional de Estad\u00edstica y Geograf\u00eda (Inegi). Se\u00f1alaron [&hellip;]<\/p>\n","protected":false},"author":1,"featured_media":82152,"comment_status":"closed","ping_status":"closed","sticky":false,"template":"","format":"standard","meta":{"footnotes":""},"categories":[30,34,31],"tags":[47],"class_list":["post-82151","post","type-post","status-publish","format-standard","has-post-thumbnail","hentry","category-destacado","category-nacional","category-portada","tag-portadanacional"],"_links":{"self":[{"href":"https:\/\/elinformante.mx\/index.php?rest_route=\/wp\/v2\/posts\/82151","targetHints":{"allow":["GET"]}}],"collection":[{"href":"https:\/\/elinformante.mx\/index.php?rest_route=\/wp\/v2\/posts"}],"about":[{"href":"https:\/\/elinformante.mx\/index.php?rest_route=\/wp\/v2\/types\/post"}],"author":[{"embeddable":true,"href":"https:\/\/elinformante.mx\/index.php?rest_route=\/wp\/v2\/users\/1"}],"replies":[{"embeddable":true,"href":"https:\/\/elinformante.mx\/index.php?rest_route=%2Fwp%2Fv2%2Fcomments&post=82151"}],"version-history":[{"count":0,"href":"https:\/\/elinformante.mx\/index.php?rest_route=\/wp\/v2\/posts\/82151\/revisions"}],"wp:featuredmedia":[{"embeddable":true,"href":"https:\/\/elinformante.mx\/index.php?rest_route=\/wp\/v2\/media\/82152"}],"wp:attachment":[{"href":"https:\/\/elinformante.mx\/index.php?rest_route=%2Fwp%2Fv2%2Fmedia&parent=82151"}],"wp:term":[{"taxonomy":"category","embeddable":true,"href":"https:\/\/elinformante.mx\/index.php?rest_route=%2Fwp%2Fv2%2Fcategories&post=82151"},{"taxonomy":"post_tag","embeddable":true,"href":"https:\/\/elinformante.mx\/index.php?rest_route=%2Fwp%2Fv2%2Ftags&post=82151"}],"curies":[{"name":"wp","href":"https:\/\/api.w.org\/{rel}","templated":true}]}}