{"id":82164,"date":"2025-04-29T16:28:44","date_gmt":"2025-04-29T22:28:44","guid":{"rendered":"https:\/\/elinformante.mx\/?p=82164"},"modified":"2025-04-29T16:28:45","modified_gmt":"2025-04-29T22:28:45","slug":"sheinbaum-anuncia-que-hablara-sobre-el-dano-que-causo-zedillo-en-su-sexenio","status":"publish","type":"post","link":"https:\/\/elinformante.mx\/?p=82164","title":{"rendered":"SHEINBAUM ANUNCIA QUE HABLAR\u00c1 SOBRE EL DA\u00d1O QUE CAUS\u00d3 ZEDILLO EN SU SEXENIO\u00a0"},"content":{"rendered":"\n<p>Este d\u00eda, la presidenta de M\u00e9xico, Claudia Sheinbaum Pardo, indic\u00f3 que utilizar\u00e1 la &#8220;Ma\u00f1anera&#8221; para informar a partir de ma\u00f1ana sobre el #Fobaproa, que cre\u00f3 el expresidente Ernesto Zedillo para salvar a los bancos ya que provoc\u00f3 una crisis financiera durante su sexenio y a partir de ah\u00ed cientos de miles de personas se vieron afectadas.\u00a0<br><\/p>\n\n\n\n<p>Sheinbaum,&nbsp; se\u00f1al\u00f3 que personajes como Zedillo la est\u00e1n acusando de autoritaria y que se acab\u00f3 la democracia, pero que es falso pues ser\u00e1 el pueblo, por ejemplo qui\u00e9n elegir\u00e1 a los siguientes integrantes del Poder Judicial.<\/p>\n","protected":false},"excerpt":{"rendered":"<p>Este d\u00eda, la presidenta de M\u00e9xico, Claudia Sheinbaum Pardo, indic\u00f3 que utilizar\u00e1 la &#8220;Ma\u00f1anera&#8221; para informar a partir de ma\u00f1ana sobre el #Fobaproa, que cre\u00f3 el expresidente Ernesto Zedillo para salvar a los bancos ya que provoc\u00f3 una crisis financiera durante su sexenio y a partir de ah\u00ed cientos de miles de personas se vieron [&hellip;]<\/p>\n","protected":false},"author":2,"featured_media":82165,"comment_status":"closed","ping_status":"closed","sticky":false,"template":"","format":"standard","meta":{"footnotes":""},"categories":[34],"tags":[],"class_list":["post-82164","post","type-post","status-publish","format-standard","has-post-thumbnail","hentry","category-nacional"],"_links":{"self":[{"href":"https:\/\/elinformante.mx\/index.php?rest_route=\/wp\/v2\/posts\/82164","targetHints":{"allow":["GET"]}}],"collection":[{"href":"https:\/\/elinformante.mx\/index.php?rest_route=\/wp\/v2\/posts"}],"about":[{"href":"https:\/\/elinformante.mx\/index.php?rest_route=\/wp\/v2\/types\/post"}],"author":[{"embeddable":true,"href":"https:\/\/elinformante.mx\/index.php?rest_route=\/wp\/v2\/users\/2"}],"replies":[{"embeddable":true,"href":"https:\/\/elinformante.mx\/index.php?rest_route=%2Fwp%2Fv2%2Fcomments&post=82164"}],"version-history":[{"count":0,"href":"https:\/\/elinformante.mx\/index.php?rest_route=\/wp\/v2\/posts\/82164\/revisions"}],"wp:featuredmedia":[{"embeddable":true,"href":"https:\/\/elinformante.mx\/index.php?rest_route=\/wp\/v2\/media\/82165"}],"wp:attachment":[{"href":"https:\/\/elinformante.mx\/index.php?rest_route=%2Fwp%2Fv2%2Fmedia&parent=82164"}],"wp:term":[{"taxonomy":"category","embeddable":true,"href":"https:\/\/elinformante.mx\/index.php?rest_route=%2Fwp%2Fv2%2Fcategories&post=82164"},{"taxonomy":"post_tag","embeddable":true,"href":"https:\/\/elinformante.mx\/index.php?rest_route=%2Fwp%2Fv2%2Ftags&post=82164"}],"curies":[{"name":"wp","href":"https:\/\/api.w.org\/{rel}","templated":true}]}}