{"id":82167,"date":"2025-04-29T16:30:36","date_gmt":"2025-04-29T22:30:36","guid":{"rendered":"https:\/\/elinformante.mx\/?p=82167"},"modified":"2025-04-29T16:30:38","modified_gmt":"2025-04-29T22:30:38","slug":"fgr-descarta-cremaciones-en-rancho-izaguirre","status":"publish","type":"post","link":"https:\/\/elinformante.mx\/?p=82167","title":{"rendered":"FGR DESCARTA CREMACIONES EN RANCHO IZAGUIRRE"},"content":{"rendered":"\n<p>En conferencia de prensa, el titular de la Fiscal\u00eda General de la Rep\u00fablica de M\u00e9xico (FGR) , Alejandro Gertz Manero, indic\u00f3 que en el rancho Izaguirre de Teuchitl\u00e1n, Jalisco no hay indicios de que se hayan dado cremaciones.\u00a0<br><\/p>\n\n\n\n<p>Gertz Manero, dijo que se encontr\u00f3 el rancho una vasija peque\u00f1a de fragmentos muy peque\u00f1os de huesos que ya se analizan, adem\u00e1s de zanjas y agujeros donde hac\u00edan fogatas.<br><\/p>\n","protected":false},"excerpt":{"rendered":"<p>En conferencia de prensa, el titular de la Fiscal\u00eda General de la Rep\u00fablica de M\u00e9xico (FGR) , Alejandro Gertz Manero, indic\u00f3 que en el rancho Izaguirre de Teuchitl\u00e1n, Jalisco no hay indicios de que se hayan dado cremaciones.\u00a0 Gertz Manero, dijo que se encontr\u00f3 el rancho una vasija peque\u00f1a de fragmentos muy peque\u00f1os de huesos [&hellip;]<\/p>\n","protected":false},"author":2,"featured_media":82168,"comment_status":"closed","ping_status":"closed","sticky":false,"template":"","format":"standard","meta":{"footnotes":""},"categories":[34],"tags":[],"class_list":["post-82167","post","type-post","status-publish","format-standard","has-post-thumbnail","hentry","category-nacional"],"_links":{"self":[{"href":"https:\/\/elinformante.mx\/index.php?rest_route=\/wp\/v2\/posts\/82167","targetHints":{"allow":["GET"]}}],"collection":[{"href":"https:\/\/elinformante.mx\/index.php?rest_route=\/wp\/v2\/posts"}],"about":[{"href":"https:\/\/elinformante.mx\/index.php?rest_route=\/wp\/v2\/types\/post"}],"author":[{"embeddable":true,"href":"https:\/\/elinformante.mx\/index.php?rest_route=\/wp\/v2\/users\/2"}],"replies":[{"embeddable":true,"href":"https:\/\/elinformante.mx\/index.php?rest_route=%2Fwp%2Fv2%2Fcomments&post=82167"}],"version-history":[{"count":0,"href":"https:\/\/elinformante.mx\/index.php?rest_route=\/wp\/v2\/posts\/82167\/revisions"}],"wp:featuredmedia":[{"embeddable":true,"href":"https:\/\/elinformante.mx\/index.php?rest_route=\/wp\/v2\/media\/82168"}],"wp:attachment":[{"href":"https:\/\/elinformante.mx\/index.php?rest_route=%2Fwp%2Fv2%2Fmedia&parent=82167"}],"wp:term":[{"taxonomy":"category","embeddable":true,"href":"https:\/\/elinformante.mx\/index.php?rest_route=%2Fwp%2Fv2%2Fcategories&post=82167"},{"taxonomy":"post_tag","embeddable":true,"href":"https:\/\/elinformante.mx\/index.php?rest_route=%2Fwp%2Fv2%2Ftags&post=82167"}],"curies":[{"name":"wp","href":"https:\/\/api.w.org\/{rel}","templated":true}]}}