{"id":82170,"date":"2025-04-29T16:32:44","date_gmt":"2025-04-29T22:32:44","guid":{"rendered":"https:\/\/elinformante.mx\/?p=82170"},"modified":"2025-04-29T16:32:46","modified_gmt":"2025-04-29T22:32:46","slug":"candidato-de-morena-es-asesinado-en-veracruz","status":"publish","type":"post","link":"https:\/\/elinformante.mx\/?p=82170","title":{"rendered":"CANDIDATO DE MORENA ES ASESINADO EN VERACRUZ"},"content":{"rendered":"\n<p>\u00a0A tan solo unas horas de haber iniciado las campa\u00f1as en Veracruz, fue asesinado Germ\u00e1n Anuar Valencia, candidato de Morena y el Partido Verde, en la alcald\u00eda de Coxquihui.\u00a0<br><\/p>\n\n\n\n<p>El aspirante fue atacado a balazos junto con su equipo en su casa de campa\u00f1a.<\/p>\n","protected":false},"excerpt":{"rendered":"<p>\u00a0A tan solo unas horas de haber iniciado las campa\u00f1as en Veracruz, fue asesinado Germ\u00e1n Anuar Valencia, candidato de Morena y el Partido Verde, en la alcald\u00eda de Coxquihui.\u00a0 El aspirante fue atacado a balazos junto con su equipo en su casa de campa\u00f1a.<\/p>\n","protected":false},"author":2,"featured_media":82171,"comment_status":"closed","ping_status":"closed","sticky":false,"template":"","format":"standard","meta":{"footnotes":""},"categories":[34],"tags":[],"class_list":["post-82170","post","type-post","status-publish","format-standard","has-post-thumbnail","hentry","category-nacional"],"_links":{"self":[{"href":"https:\/\/elinformante.mx\/index.php?rest_route=\/wp\/v2\/posts\/82170","targetHints":{"allow":["GET"]}}],"collection":[{"href":"https:\/\/elinformante.mx\/index.php?rest_route=\/wp\/v2\/posts"}],"about":[{"href":"https:\/\/elinformante.mx\/index.php?rest_route=\/wp\/v2\/types\/post"}],"author":[{"embeddable":true,"href":"https:\/\/elinformante.mx\/index.php?rest_route=\/wp\/v2\/users\/2"}],"replies":[{"embeddable":true,"href":"https:\/\/elinformante.mx\/index.php?rest_route=%2Fwp%2Fv2%2Fcomments&post=82170"}],"version-history":[{"count":0,"href":"https:\/\/elinformante.mx\/index.php?rest_route=\/wp\/v2\/posts\/82170\/revisions"}],"wp:featuredmedia":[{"embeddable":true,"href":"https:\/\/elinformante.mx\/index.php?rest_route=\/wp\/v2\/media\/82171"}],"wp:attachment":[{"href":"https:\/\/elinformante.mx\/index.php?rest_route=%2Fwp%2Fv2%2Fmedia&parent=82170"}],"wp:term":[{"taxonomy":"category","embeddable":true,"href":"https:\/\/elinformante.mx\/index.php?rest_route=%2Fwp%2Fv2%2Fcategories&post=82170"},{"taxonomy":"post_tag","embeddable":true,"href":"https:\/\/elinformante.mx\/index.php?rest_route=%2Fwp%2Fv2%2Ftags&post=82170"}],"curies":[{"name":"wp","href":"https:\/\/api.w.org\/{rel}","templated":true}]}}