{"id":82173,"date":"2025-04-29T16:34:06","date_gmt":"2025-04-29T22:34:06","guid":{"rendered":"https:\/\/elinformante.mx\/?p=82173"},"modified":"2025-04-29T16:34:08","modified_gmt":"2025-04-29T22:34:08","slug":"trump-relaja-aranceles-a-fabricantes-de-automoviles","status":"publish","type":"post","link":"https:\/\/elinformante.mx\/?p=82173","title":{"rendered":"TRUMP RELAJA ARANCELES A FABRICANTES DE AUTOM\u00d3VILES"},"content":{"rendered":"\n<p>El presidente estadounidense, Donald J. Trump, firm\u00f3 \u00f3rdenes ejecutivas para relajar algunos de sus aranceles del 25% sobre autom\u00f3viles y autopartes, lo que representa una medida relevante, dado que los impuestos a la importaci\u00f3n amenazan con perjudicar a los fabricantes nacionales.<br><\/p>\n\n\n\n<p>Trump, describi\u00f3 el cambio como un puente para que los fabricantes de autom\u00f3viles trasladen m\u00e1s producci\u00f3n a #EU.<\/p>\n\n\n\n<p>Por el momento, las piezas procedentes de #Canad\u00e1 y #M\u00e9xico quedan fuera de los aranceles si entran dentro del tratado de libre comercio de #Am\u00e9ricadelNorte.<\/p>\n","protected":false},"excerpt":{"rendered":"<p>El presidente estadounidense, Donald J. Trump, firm\u00f3 \u00f3rdenes ejecutivas para relajar algunos de sus aranceles del 25% sobre autom\u00f3viles y autopartes, lo que representa una medida relevante, dado que los impuestos a la importaci\u00f3n amenazan con perjudicar a los fabricantes nacionales. Trump, describi\u00f3 el cambio como un puente para que los fabricantes de autom\u00f3viles trasladen [&hellip;]<\/p>\n","protected":false},"author":2,"featured_media":82174,"comment_status":"closed","ping_status":"closed","sticky":false,"template":"","format":"standard","meta":{"footnotes":""},"categories":[33],"tags":[],"class_list":["post-82173","post","type-post","status-publish","format-standard","has-post-thumbnail","hentry","category-mundo"],"_links":{"self":[{"href":"https:\/\/elinformante.mx\/index.php?rest_route=\/wp\/v2\/posts\/82173","targetHints":{"allow":["GET"]}}],"collection":[{"href":"https:\/\/elinformante.mx\/index.php?rest_route=\/wp\/v2\/posts"}],"about":[{"href":"https:\/\/elinformante.mx\/index.php?rest_route=\/wp\/v2\/types\/post"}],"author":[{"embeddable":true,"href":"https:\/\/elinformante.mx\/index.php?rest_route=\/wp\/v2\/users\/2"}],"replies":[{"embeddable":true,"href":"https:\/\/elinformante.mx\/index.php?rest_route=%2Fwp%2Fv2%2Fcomments&post=82173"}],"version-history":[{"count":0,"href":"https:\/\/elinformante.mx\/index.php?rest_route=\/wp\/v2\/posts\/82173\/revisions"}],"wp:featuredmedia":[{"embeddable":true,"href":"https:\/\/elinformante.mx\/index.php?rest_route=\/wp\/v2\/media\/82174"}],"wp:attachment":[{"href":"https:\/\/elinformante.mx\/index.php?rest_route=%2Fwp%2Fv2%2Fmedia&parent=82173"}],"wp:term":[{"taxonomy":"category","embeddable":true,"href":"https:\/\/elinformante.mx\/index.php?rest_route=%2Fwp%2Fv2%2Fcategories&post=82173"},{"taxonomy":"post_tag","embeddable":true,"href":"https:\/\/elinformante.mx\/index.php?rest_route=%2Fwp%2Fv2%2Ftags&post=82173"}],"curies":[{"name":"wp","href":"https:\/\/api.w.org\/{rel}","templated":true}]}}