{"id":82300,"date":"2025-05-02T05:51:56","date_gmt":"2025-05-02T11:51:56","guid":{"rendered":"https:\/\/elinformante.mx\/?p=82300"},"modified":"2025-05-02T05:51:58","modified_gmt":"2025-05-02T11:51:58","slug":"sean-diddy-combs-rechazo-el-acuerdo-con-la-fiscalia-antes-de-su-juicio-en-eeuu","status":"publish","type":"post","link":"https:\/\/elinformante.mx\/?p=82300","title":{"rendered":"Sean \u201cDiddy\u201d Combs rechaz\u00f3 el acuerdo con la fiscal\u00eda antes de su juicio en EEUU"},"content":{"rendered":"\n<figure class=\"wp-block-pullquote\"><blockquote><p>El juez dej\u00f3 clara su advertencia; \u201cEstamos a d\u00edas del juicio. No tolerar\u00e9 nada que ponga en riesgo el derecho del acusado a un juicio justo.\u201d<\/p><\/blockquote><\/figure>\n\n\n\n<p class=\"has-drop-cap\">El cantante y productor Sean \u201cDiddy\u201d Combs rechaz\u00f3 un acuerdo de culpabilidad ofrecido por los fiscales, d\u00edas antes de su juicio programado para el 5 de mayo. Esta decisi\u00f3n fue anunciada por el artista en una audiencia en la corte federal de Nueva York.<br><\/p>\n\n\n\n<p>Se pudo observar al famoso productor musical y magnate del hip hop, vestido con un uniforme de prisi\u00f3n color canela y visiblemente encanecido, siendo interrogado por el juez Arun Subramanian sobre si hab\u00eda le\u00eddo y rechazado un acuerdo propuesto.<br><\/p>\n\n\n\n<p>Combs respondi\u00f3 de manera firme. \u201cS\u00ed, se\u00f1or\u00eda.\u201d<br><\/p>\n\n\n\n<p>Las autoridades se\u00f1alaron que, aunque los detalles del acuerdo no se hicieron p\u00fablicos, la oferta ten\u00eda como objetivo acelerar el proceso y, de ser hallado culpable, resultar\u00eda en una condena m\u00e1s leve para el acusado.<br><\/p>\n\n\n\n<figure class=\"wp-block-image size-large\"><img fetchpriority=\"high\" decoding=\"async\" width=\"1024\" height=\"506\" src=\"https:\/\/elinformante.mx\/wp-content\/uploads\/2025\/05\/15sean-1024x506.jpg\" alt=\"\" class=\"wp-image-82302\" srcset=\"https:\/\/elinformante.mx\/wp-content\/uploads\/2025\/05\/15sean-1024x506.jpg 1024w, https:\/\/elinformante.mx\/wp-content\/uploads\/2025\/05\/15sean-300x148.jpg 300w, https:\/\/elinformante.mx\/wp-content\/uploads\/2025\/05\/15sean-768x379.jpg 768w, https:\/\/elinformante.mx\/wp-content\/uploads\/2025\/05\/15sean.jpg 1140w\" sizes=\"(max-width: 1024px) 100vw, 1024px\" \/><\/figure>\n\n\n\n<p>Marc Annifilio, el abogado defensor se\u00f1al\u00f3 que esta decisi\u00f3n sobre la oferta fue consensuada. La defensa tambi\u00e9n confirm\u00f3 que Combs podr\u00e1 usar ropa propia durante el juicio, lo que podr\u00eda influir en la percepci\u00f3n del jurado. Desde su arresto en septiembre, el artista ha estado en el Centro de Detenci\u00f3n Metropolitano de Brooklyn, mostrando signos de desgaste f\u00edsico y una apariencia descuidada, en contraste con su habitual imagen elegante.<br><\/p>\n\n\n\n<p>El fiscal Madison Smyser indic\u00f3 que la propuesta de acuerdo se formaliz\u00f3 la semana pasada y se solicit\u00f3 la confirmaci\u00f3n de Combs en la sesi\u00f3n de hoy 1 de mayo.<br><\/p>\n\n\n\n<p>Adem\u00e1s la abogada Lisa Bloom, representante de una presunta v\u00edctima, se llev\u00f3 una advertencia por parte del juez Subramanian por las declaraciones que hizo a la BBC sobre el caso.<br><\/p>\n\n\n\n<p>La defensa de Combs, calific\u00f3 estas declaraciones de perturbadoras e impropias, argumentando que podr\u00edan afectar la imparcialidad del proceso.<br><\/p>\n\n\n\n<p>El juez dej\u00f3 clara su advertencia; \u201cEstamos a d\u00edas del juicio. No tolerar\u00e9 nada que ponga en riesgo el derecho del acusado a un juicio justo.\u201d<\/p>\n","protected":false},"excerpt":{"rendered":"<p>El juez dej\u00f3 clara su advertencia; \u201cEstamos a d\u00edas del juicio. No tolerar\u00e9 nada que ponga en riesgo el derecho del acusado a un juicio justo.\u201d El cantante y productor Sean \u201cDiddy\u201d Combs rechaz\u00f3 un acuerdo de culpabilidad ofrecido por los fiscales, d\u00edas antes de su juicio programado para el 5 de mayo. Esta decisi\u00f3n [&hellip;]<\/p>\n","protected":false},"author":1,"featured_media":82301,"comment_status":"closed","ping_status":"closed","sticky":false,"template":"","format":"standard","meta":{"footnotes":""},"categories":[39],"tags":[],"class_list":["post-82300","post","type-post","status-publish","format-standard","has-post-thumbnail","hentry","category-espectaculos"],"_links":{"self":[{"href":"https:\/\/elinformante.mx\/index.php?rest_route=\/wp\/v2\/posts\/82300","targetHints":{"allow":["GET"]}}],"collection":[{"href":"https:\/\/elinformante.mx\/index.php?rest_route=\/wp\/v2\/posts"}],"about":[{"href":"https:\/\/elinformante.mx\/index.php?rest_route=\/wp\/v2\/types\/post"}],"author":[{"embeddable":true,"href":"https:\/\/elinformante.mx\/index.php?rest_route=\/wp\/v2\/users\/1"}],"replies":[{"embeddable":true,"href":"https:\/\/elinformante.mx\/index.php?rest_route=%2Fwp%2Fv2%2Fcomments&post=82300"}],"version-history":[{"count":0,"href":"https:\/\/elinformante.mx\/index.php?rest_route=\/wp\/v2\/posts\/82300\/revisions"}],"wp:featuredmedia":[{"embeddable":true,"href":"https:\/\/elinformante.mx\/index.php?rest_route=\/wp\/v2\/media\/82301"}],"wp:attachment":[{"href":"https:\/\/elinformante.mx\/index.php?rest_route=%2Fwp%2Fv2%2Fmedia&parent=82300"}],"wp:term":[{"taxonomy":"category","embeddable":true,"href":"https:\/\/elinformante.mx\/index.php?rest_route=%2Fwp%2Fv2%2Fcategories&post=82300"},{"taxonomy":"post_tag","embeddable":true,"href":"https:\/\/elinformante.mx\/index.php?rest_route=%2Fwp%2Fv2%2Ftags&post=82300"}],"curies":[{"name":"wp","href":"https:\/\/api.w.org\/{rel}","templated":true}]}}