{"id":82307,"date":"2025-05-02T05:55:06","date_gmt":"2025-05-02T11:55:06","guid":{"rendered":"https:\/\/elinformante.mx\/?p=82307"},"modified":"2025-05-02T05:55:07","modified_gmt":"2025-05-02T11:55:07","slug":"canelo-alvarez-estara-acompanado-por-majo-aguilar-para-entonar-el-himno-nacional","status":"publish","type":"post","link":"https:\/\/elinformante.mx\/?p=82307","title":{"rendered":"\u201cCanelo\u201d \u00c1lvarez estar\u00e1 acompa\u00f1ado por Majo Aguilar para entonar el himno nacional"},"content":{"rendered":"\n<figure class=\"wp-block-pullquote\"><blockquote><p>Nieta de la cantante Flor Silvestre y el cantante Antonio Aguilar tendr\u00e1 puestos los ojos encima de todo el mundo.<\/p><\/blockquote><\/figure>\n\n\n\n<p class=\"has-drop-cap\">Sa\u00fal \u2018Canelo\u2019 \u00c1lvarez, campe\u00f3n de los supermedianos del CMB, de la Asociaci\u00f3n Mundial de Boxeo, y de la Organizaci\u00f3n Mundial de Boxeo (OMB), y el cubano William Scull, el mejor en su peso de la Federaci\u00f3n Internacional de Boxeo, se enfrentar\u00e1n este 3 de mayo en Riad, capital de Arabia Saud\u00ed.<br><\/p>\n\n\n\n<p>Uno de los momentos m\u00e1s emotivos de la noche ser\u00e1 la interpretaci\u00f3n del Himno Nacional Mexicano, la cual estar\u00e1 a cargo de Majo Aguilar, nieta de la cantante Flor Silvestre y el cantante Antonio Aguilar.<br><\/p>\n\n\n\n<p>Cabe se\u00f1alar que la cantante ha sido reconocida por su potente voz y su capacidad de representar la m\u00fasica mexicana en escenarios internacionales.<br><\/p>\n\n\n\n<p>Para Majo Aguilar no es una experiencia nueva interpretar el himno nacional mexicano pues anteriormente ya cant\u00f3 en eventos deportivos como el Rose Bowl de Los \u00c1ngeles durante un partido amistoso entre Chivas y Am\u00e9rica en 2023, y en el Juego de las Estrellas 2024 de la Liga MX vs MLS. Su participaci\u00f3n en Arabia ser\u00e1 una nueva oportunidad de proyectar el orgullo nacional en un evento global.<br><\/p>\n\n\n\n<p>El cantante de corridos Luis R. Conriquez, mencion\u00f3 en entrevista que tambi\u00e9n tendr\u00e1 una participaci\u00f3n en la pelea del Canelo contra Scull pues revel\u00f3 que viajar\u00e1 a Arabia Saudita para interpretar una canci\u00f3n que compuso especialmente para la ocasi\u00f3n.<br><\/p>\n\n\n\n<p>\u201cAhora esta pelea que tiene\u2026 ma\u00f1ana yo me voy para Arabia voy a cantar otra canci\u00f3n que le hice. Voy a salir con \u00e9l\u2026 y voy a cantar un rap\u201d, declar\u00f3 el cantante.<br><\/p>\n\n\n\n<p>\u201cMexicano soy\u2026 Llevo en alto mi bandera que rifa donde quiera. La frente en alta donde voy\u2026\u201d, adelant\u00f3 uno de los versos.<br><\/p>\n\n\n\n<p>Sa\u00fal \u2018Canelo\u2019 \u00c1lvarez y William Scull, su contrincante, ya est\u00e1n en Arabia Saudita, en la ciudad de Riad junto con otros boxeadores como Jaime Mungu\u00eda, Bruno Surace, Marco Verde y Michel Polina.<br><\/p>\n\n\n\n<p>Cabe destacar que la pelea ser\u00e1 transmitida en horario DAZN PPV a las 5:00 p.m. (hora de Ciudad de M\u00e9xico) y 7:00 p.m. (hora del Este), aunque en M\u00e9xico se emitir\u00e1 en horario diferido.<\/p>\n","protected":false},"excerpt":{"rendered":"<p>Nieta de la cantante Flor Silvestre y el cantante Antonio Aguilar tendr\u00e1 puestos los ojos encima de todo el mundo. Sa\u00fal \u2018Canelo\u2019 \u00c1lvarez, campe\u00f3n de los supermedianos del CMB, de la Asociaci\u00f3n Mundial de Boxeo, y de la Organizaci\u00f3n Mundial de Boxeo (OMB), y el cubano William Scull, el mejor en su peso de la [&hellip;]<\/p>\n","protected":false},"author":1,"featured_media":82308,"comment_status":"closed","ping_status":"closed","sticky":false,"template":"","format":"standard","meta":{"footnotes":""},"categories":[38],"tags":[],"class_list":["post-82307","post","type-post","status-publish","format-standard","has-post-thumbnail","hentry","category-deportes"],"_links":{"self":[{"href":"https:\/\/elinformante.mx\/index.php?rest_route=\/wp\/v2\/posts\/82307","targetHints":{"allow":["GET"]}}],"collection":[{"href":"https:\/\/elinformante.mx\/index.php?rest_route=\/wp\/v2\/posts"}],"about":[{"href":"https:\/\/elinformante.mx\/index.php?rest_route=\/wp\/v2\/types\/post"}],"author":[{"embeddable":true,"href":"https:\/\/elinformante.mx\/index.php?rest_route=\/wp\/v2\/users\/1"}],"replies":[{"embeddable":true,"href":"https:\/\/elinformante.mx\/index.php?rest_route=%2Fwp%2Fv2%2Fcomments&post=82307"}],"version-history":[{"count":0,"href":"https:\/\/elinformante.mx\/index.php?rest_route=\/wp\/v2\/posts\/82307\/revisions"}],"wp:featuredmedia":[{"embeddable":true,"href":"https:\/\/elinformante.mx\/index.php?rest_route=\/wp\/v2\/media\/82308"}],"wp:attachment":[{"href":"https:\/\/elinformante.mx\/index.php?rest_route=%2Fwp%2Fv2%2Fmedia&parent=82307"}],"wp:term":[{"taxonomy":"category","embeddable":true,"href":"https:\/\/elinformante.mx\/index.php?rest_route=%2Fwp%2Fv2%2Fcategories&post=82307"},{"taxonomy":"post_tag","embeddable":true,"href":"https:\/\/elinformante.mx\/index.php?rest_route=%2Fwp%2Fv2%2Ftags&post=82307"}],"curies":[{"name":"wp","href":"https:\/\/api.w.org\/{rel}","templated":true}]}}