{"id":82314,"date":"2025-05-02T06:00:34","date_gmt":"2025-05-02T12:00:34","guid":{"rendered":"https:\/\/elinformante.mx\/?p=82314"},"modified":"2025-05-02T06:00:35","modified_gmt":"2025-05-02T12:00:35","slug":"policia-de-metepec-detiene-a-sujeto-que-asalto-joyeria-en-town-square","status":"publish","type":"post","link":"https:\/\/elinformante.mx\/?p=82314","title":{"rendered":"Polic\u00eda de Metepec detiene a sujeto que asalto joyer\u00eda en Town Square"},"content":{"rendered":"\n<figure class=\"wp-block-pullquote\"><blockquote><p>Los encargados de emitir el reporte de robo fue la Seguridad Privada del Centro Comercial, relatando que el hecho ocurri\u00f3 alrededor de las 18:20 horas.<\/p><\/blockquote><\/figure>\n\n\n\n<p class=\"has-drop-cap\">En una acci\u00f3n coordinada, elementos de la Polic\u00eda Municipal de Metepec y de la Secretar\u00eda de Seguridad del Estado de M\u00e9xico, detuvieron a un hombre de nombre Julio \u201cN\u201d con domicilio en la Delegaci\u00f3n \u00c1lvaro Obreg\u00f3n en la Ciudad de M\u00e9xico, tras su presunta participaci\u00f3n en el intento de robo de un establecimiento comercial al interior de la Plaza Comercial Town Square. Con la detenci\u00f3n, tambi\u00e9n se recuper\u00f3 la mercanc\u00eda sustra\u00edda.<br><\/p>\n\n\n\n<p>Los encargados de emitir el reporte de robo fue la Seguridad Privada del Centro Comercial, relatando que el hecho ocurri\u00f3 alrededor de las 18:20 horas.<br><\/p>\n\n\n\n<p>Las autoridades recalcaron que en el suceso No se detonaron armas de fuego, sin embargo, si las usaron para amagar y asustar a los encargados del establecimiento.<br><\/p>\n\n\n\n<p>Uno de los sujetos que particip\u00f3 en el robo fue detenido por las autoridades del municipio en coordinaci\u00f3n con la polic\u00eda estatal. Julio \u201cN\u201d iba a bordo de un veh\u00edculo marca Chevrolet y al realizar la revisi\u00f3n del veh\u00edculo, se pudo recuperar la mercanc\u00eda sustra\u00edda del establecimiento.<br><\/p>\n\n\n\n<p>Seg\u00fan las autoridades, otros dos hombres estar\u00edan implicados en el atraco. Las c\u00e1maras de seguridad y el seguimiento operativo permitieron identificar a los sujetos, quienes a\u00fan no han sido detenidos.<\/p>\n","protected":false},"excerpt":{"rendered":"<p>Los encargados de emitir el reporte de robo fue la Seguridad Privada del Centro Comercial, relatando que el hecho ocurri\u00f3 alrededor de las 18:20 horas. En una acci\u00f3n coordinada, elementos de la Polic\u00eda Municipal de Metepec y de la Secretar\u00eda de Seguridad del Estado de M\u00e9xico, detuvieron a un hombre de nombre Julio \u201cN\u201d con [&hellip;]<\/p>\n","protected":false},"author":1,"featured_media":82315,"comment_status":"closed","ping_status":"closed","sticky":false,"template":"","format":"standard","meta":{"footnotes":""},"categories":[36,37],"tags":[],"class_list":["post-82314","post","type-post","status-publish","format-standard","has-post-thumbnail","hentry","category-edomex","category-justicia"],"_links":{"self":[{"href":"https:\/\/elinformante.mx\/index.php?rest_route=\/wp\/v2\/posts\/82314","targetHints":{"allow":["GET"]}}],"collection":[{"href":"https:\/\/elinformante.mx\/index.php?rest_route=\/wp\/v2\/posts"}],"about":[{"href":"https:\/\/elinformante.mx\/index.php?rest_route=\/wp\/v2\/types\/post"}],"author":[{"embeddable":true,"href":"https:\/\/elinformante.mx\/index.php?rest_route=\/wp\/v2\/users\/1"}],"replies":[{"embeddable":true,"href":"https:\/\/elinformante.mx\/index.php?rest_route=%2Fwp%2Fv2%2Fcomments&post=82314"}],"version-history":[{"count":0,"href":"https:\/\/elinformante.mx\/index.php?rest_route=\/wp\/v2\/posts\/82314\/revisions"}],"wp:featuredmedia":[{"embeddable":true,"href":"https:\/\/elinformante.mx\/index.php?rest_route=\/wp\/v2\/media\/82315"}],"wp:attachment":[{"href":"https:\/\/elinformante.mx\/index.php?rest_route=%2Fwp%2Fv2%2Fmedia&parent=82314"}],"wp:term":[{"taxonomy":"category","embeddable":true,"href":"https:\/\/elinformante.mx\/index.php?rest_route=%2Fwp%2Fv2%2Fcategories&post=82314"},{"taxonomy":"post_tag","embeddable":true,"href":"https:\/\/elinformante.mx\/index.php?rest_route=%2Fwp%2Fv2%2Ftags&post=82314"}],"curies":[{"name":"wp","href":"https:\/\/api.w.org\/{rel}","templated":true}]}}