{"id":82323,"date":"2025-05-02T06:05:18","date_gmt":"2025-05-02T12:05:18","guid":{"rendered":"https:\/\/elinformante.mx\/?p=82323"},"modified":"2025-05-02T06:05:19","modified_gmt":"2025-05-02T12:05:19","slug":"festeja-fernando-flores-el-dia-del-nino-y-la-nina-en-metepec","status":"publish","type":"post","link":"https:\/\/elinformante.mx\/?p=82323","title":{"rendered":"Festeja Fernando Flores el D\u00eda del Ni\u00f1o y la ni\u00f1a en Metepec"},"content":{"rendered":"\n<figure class=\"wp-block-pullquote\"><blockquote><p>El prop\u00f3sito para realizar esta kerm\u00e9s es la de celebrar a los habitantes m\u00e1s peque\u00f1os e importantes de las casas metepequenses, se\u00f1al\u00f3 Fernando Flores.<\/p><\/blockquote><\/figure>\n\n\n\n<p class=\"has-drop-cap\">El Ayuntamiento de Metepec, encabezado por Fernando Flores Fern\u00e1ndez, llevaron a cabo el festejo del D\u00eda del Ni\u00f1o y de la Ni\u00f1a, en diferentes puntos de la cabecera municipal.<br><\/p>\n\n\n\n<p>El d\u00eda mi\u00e9rcoles se convoc\u00f3 a los peque\u00f1os para poder disfrutar de la kerm\u00e9s infantil m\u00e1s grande de M\u00e9xico, invitaci\u00f3n que realiz\u00f3 el alcalde Flores Fern\u00e1ndez en d\u00edas pasados.<br><\/p>\n\n\n\n<p>El prop\u00f3sito para realizar esta kerm\u00e9s es la de celebrar a los habitantes m\u00e1s peque\u00f1os e importantes de las casas metepequenses, se\u00f1al\u00f3 Fernando Flores.<br><\/p>\n\n\n\n<p>En la apertura del evento, el presidente Fernando Flores estuvo acompa\u00f1ado de la presidenta honoraria del DIF, Ira\u00ed Albarr\u00e1n Segura, ambos, dieron la bienvenida a m\u00e1s de 4 mil asistentes congregados en la Plaza Ju\u00e1rez y el andador tur\u00edstico Metepequeando.<br><\/p>\n\n\n\n<p>Durante los festejos, las autoridades repartieron cerca de 5 mil juguetes, entre ellos medio centenar de bicicletas. Mientras que los asistentes pudieron disfrutar de 20 Juegos mec\u00e1nicos e inflables gratuitos.<br><\/p>\n\n\n\n<p>Para el d\u00eda jueves continuaron los festejos, y fueron los ni\u00f1os de San Gaspar Tlahuelilpan, Fuentes de San Gabriel, Santa Mar\u00eda la Magdalena Ocotitl\u00e1n y Rancho San Francisco quienes disfrutaron de un espect\u00e1culo pensado en ellos, para su deleite y diversi\u00f3n.<br><\/p>\n\n\n\n<p>Durante los eventos las autoridades tambi\u00e9n distribuyeron refrigerios para todos los asistentes; las ni\u00f1as y los ni\u00f1os disfrutaron de diversiones como pinta caritas, teatro circense, actividades recreativas, juegos de mesa, botargas, por mencionar algunos atractivos.<br><\/p>\n\n\n\n<p>Fernando Flores tambi\u00e9n anunci\u00f3 que hoy viernes, cuando el festejo se realizar\u00e1 en La Michoacana y San Jer\u00f3nimo Chicahualco.<\/p>\n","protected":false},"excerpt":{"rendered":"<p>El prop\u00f3sito para realizar esta kerm\u00e9s es la de celebrar a los habitantes m\u00e1s peque\u00f1os e importantes de las casas metepequenses, se\u00f1al\u00f3 Fernando Flores. El Ayuntamiento de Metepec, encabezado por Fernando Flores Fern\u00e1ndez, llevaron a cabo el festejo del D\u00eda del Ni\u00f1o y de la Ni\u00f1a, en diferentes puntos de la cabecera municipal. El d\u00eda [&hellip;]<\/p>\n","protected":false},"author":1,"featured_media":82324,"comment_status":"closed","ping_status":"closed","sticky":false,"template":"","format":"standard","meta":{"footnotes":""},"categories":[36],"tags":[],"class_list":["post-82323","post","type-post","status-publish","format-standard","has-post-thumbnail","hentry","category-edomex"],"_links":{"self":[{"href":"https:\/\/elinformante.mx\/index.php?rest_route=\/wp\/v2\/posts\/82323","targetHints":{"allow":["GET"]}}],"collection":[{"href":"https:\/\/elinformante.mx\/index.php?rest_route=\/wp\/v2\/posts"}],"about":[{"href":"https:\/\/elinformante.mx\/index.php?rest_route=\/wp\/v2\/types\/post"}],"author":[{"embeddable":true,"href":"https:\/\/elinformante.mx\/index.php?rest_route=\/wp\/v2\/users\/1"}],"replies":[{"embeddable":true,"href":"https:\/\/elinformante.mx\/index.php?rest_route=%2Fwp%2Fv2%2Fcomments&post=82323"}],"version-history":[{"count":0,"href":"https:\/\/elinformante.mx\/index.php?rest_route=\/wp\/v2\/posts\/82323\/revisions"}],"wp:featuredmedia":[{"embeddable":true,"href":"https:\/\/elinformante.mx\/index.php?rest_route=\/wp\/v2\/media\/82324"}],"wp:attachment":[{"href":"https:\/\/elinformante.mx\/index.php?rest_route=%2Fwp%2Fv2%2Fmedia&parent=82323"}],"wp:term":[{"taxonomy":"category","embeddable":true,"href":"https:\/\/elinformante.mx\/index.php?rest_route=%2Fwp%2Fv2%2Fcategories&post=82323"},{"taxonomy":"post_tag","embeddable":true,"href":"https:\/\/elinformante.mx\/index.php?rest_route=%2Fwp%2Fv2%2Ftags&post=82323"}],"curies":[{"name":"wp","href":"https:\/\/api.w.org\/{rel}","templated":true}]}}