{"id":82342,"date":"2025-05-02T06:15:44","date_gmt":"2025-05-02T12:15:44","guid":{"rendered":"https:\/\/elinformante.mx\/?p=82342"},"modified":"2025-05-02T06:15:46","modified_gmt":"2025-05-02T12:15:46","slug":"conmemoran-suteymistas-el-dia-internacional-del-trabajo","status":"publish","type":"post","link":"https:\/\/elinformante.mx\/?p=82342","title":{"rendered":"Conmemoran Suteymistas el d\u00eda Internacional del Trabajo"},"content":{"rendered":"\n<figure class=\"wp-block-pullquote\"><blockquote><p>El secretario general del SUTEYM, destac\u00f3 que el 1\u00b0 de mayo es una fecha para refrendar la unidad que permea al interior de la clase trabajadora del Estado de M\u00e9xico.<\/p><\/blockquote><\/figure>\n\n\n\n<p class=\"has-drop-cap\">El movimiento laboral organizado del Estado de M\u00e9xico convoc\u00f3 a su membres\u00eda para conmemorar el D\u00eda Internacional del Trabajo, fecha emblem\u00e1tica que se celebra en todo el mundo y que refrenda la lucha permanente de la clase trabajadora para tener respeto pleno a sus derechos.<br><\/p>\n\n\n\n<p>La Plaza C\u00edvica Dr. Gustavo Baz Prada, de Tlalnepantla, fue sede de esta simb\u00f3lica conmemoraci\u00f3n en la que participaron agremiadas y agremiados de la COCEM, CROM, CTM, CTC y del Sindicato \u00danico de Trabajadores de los Poderes, Municipios e Instituciones Descentralizadas del Estado de M\u00e9xico (SUTEYM).<br><\/p>\n\n\n\n<p>En su discurso, Herminio Cahue Calder\u00f3n, secretario general del SUTEYM, destac\u00f3 que el 1\u00b0 de mayo es una fecha para refrendar la unidad que permea al interior de la clase trabajadora del Estado de M\u00e9xico y enfatiz\u00f3 que quienes integran esta fuerza laboral, deben ser vistos como mujeres y hombres con necesidades y no c\u00f3mo n\u00fameros o m\u00e1quinas.<br><\/p>\n\n\n\n<p>\u201cQuiero decirles que gracias a nuestra constante lucha hemos conseguido mejoras en nuestras condiciones laborales, estabilidad en el empleo y, lo m\u00e1s importante, el reconocimiento y respeto que merecen los servidores p\u00fablicos que d\u00eda a d\u00eda entregan su esfuerzo y dedicaci\u00f3n en favor de las comunidades del Estado de M\u00e9xico\u201d, manifest\u00f3 el dirigente sindical.<br><\/p>\n\n\n\n<figure class=\"wp-block-image size-large\"><img fetchpriority=\"high\" decoding=\"async\" width=\"1024\" height=\"506\" src=\"https:\/\/elinformante.mx\/wp-content\/uploads\/2025\/05\/10suteym-2-1024x506.jpg\" alt=\"\" class=\"wp-image-82344\" srcset=\"https:\/\/elinformante.mx\/wp-content\/uploads\/2025\/05\/10suteym-2-1024x506.jpg 1024w, https:\/\/elinformante.mx\/wp-content\/uploads\/2025\/05\/10suteym-2-300x148.jpg 300w, https:\/\/elinformante.mx\/wp-content\/uploads\/2025\/05\/10suteym-2-768x379.jpg 768w, https:\/\/elinformante.mx\/wp-content\/uploads\/2025\/05\/10suteym-2.jpg 1140w\" sizes=\"(max-width: 1024px) 100vw, 1024px\" \/><\/figure>\n\n\n\n<p>En este sentido, puntualiz\u00f3 que la maestra Delfina G\u00f3mez \u00c1lvarez, gobernadora constitucional del Estado de M\u00e9xico, figura patronal de los suteymistas, ha sido ejemplo de sensibilidad y de un liderazgo sensible y humano, por lo que destac\u00f3 desde esta tribuna un agradecimiento por el respaldo que le ha brindado a las y los servidores p\u00fablicos.<br><\/p>\n\n\n\n<p>\u201cEl D\u00eda Internacional del Trabajo no solo es un d\u00eda para recordar nuestra historia, sino tambi\u00e9n para reafirmar nuestro compromiso con los derechos laborales, sigamos adelante unidos y solidarios, como lo hemos hecho en el SUTEYM durante 86 a\u00f1os\u2026 Honremos nuestro pasado, fortalezcamos nuestro presente y defendamos nuestro futuro, porque la lucha de los trabajadores nunca termina y juntos seguiremos construyendo un Estado de M\u00e9xico m\u00e1s justo para todas y todos\u201d, expres\u00f3.<br><\/p>\n\n\n\n<p>Con la digna representaci\u00f3n de la gobernadora Delfina G\u00f3mez \u00c1lvarez asisti\u00f3 a la conmemoraci\u00f3n Norberto Morales Poblete, secretario del Trabajo, quien destac\u00f3 que el gobierno de la entidad est\u00e1 comprometido con las y los trabajadores. Mencion\u00f3 que la participaci\u00f3n de la fuerza laboral es necesaria para continuar con la transformaci\u00f3n del pa\u00eds y la entidad. Asimismo, el funcionario anunci\u00f3 compromisos del gobierno para beneficiar y fortalecer a la clase trabajadora.<br><\/p>\n\n\n\n<p>Raciel P\u00e9rez Cruz, presidente municipal constitucional de Tlalnepantla; l\u00edderes de las diferentes centrales obreras de la entidad, servidoras y servidores p\u00fablicos, trabajadores en general, as\u00ed como funcionarios de los gobiernos municipal y estatal estuvieron presentes en este acto.<\/p>\n\n\n\n<figure class=\"wp-block-image size-large\"><img decoding=\"async\" width=\"1024\" height=\"506\" src=\"https:\/\/elinformante.mx\/wp-content\/uploads\/2025\/05\/10suteym-1024x506.jpg\" alt=\"\" class=\"wp-image-82345\" srcset=\"https:\/\/elinformante.mx\/wp-content\/uploads\/2025\/05\/10suteym-1024x506.jpg 1024w, https:\/\/elinformante.mx\/wp-content\/uploads\/2025\/05\/10suteym-300x148.jpg 300w, https:\/\/elinformante.mx\/wp-content\/uploads\/2025\/05\/10suteym-768x379.jpg 768w, https:\/\/elinformante.mx\/wp-content\/uploads\/2025\/05\/10suteym.jpg 1140w\" sizes=\"(max-width: 1024px) 100vw, 1024px\" \/><\/figure>\n","protected":false},"excerpt":{"rendered":"<p>El secretario general del SUTEYM, destac\u00f3 que el 1\u00b0 de mayo es una fecha para refrendar la unidad que permea al interior de la clase trabajadora del Estado de M\u00e9xico. El movimiento laboral organizado del Estado de M\u00e9xico convoc\u00f3 a su membres\u00eda para conmemorar el D\u00eda Internacional del Trabajo, fecha emblem\u00e1tica que se celebra en [&hellip;]<\/p>\n","protected":false},"author":1,"featured_media":82343,"comment_status":"closed","ping_status":"closed","sticky":false,"template":"","format":"standard","meta":{"footnotes":""},"categories":[30,36],"tags":[],"class_list":["post-82342","post","type-post","status-publish","format-standard","has-post-thumbnail","hentry","category-destacado","category-edomex"],"_links":{"self":[{"href":"https:\/\/elinformante.mx\/index.php?rest_route=\/wp\/v2\/posts\/82342","targetHints":{"allow":["GET"]}}],"collection":[{"href":"https:\/\/elinformante.mx\/index.php?rest_route=\/wp\/v2\/posts"}],"about":[{"href":"https:\/\/elinformante.mx\/index.php?rest_route=\/wp\/v2\/types\/post"}],"author":[{"embeddable":true,"href":"https:\/\/elinformante.mx\/index.php?rest_route=\/wp\/v2\/users\/1"}],"replies":[{"embeddable":true,"href":"https:\/\/elinformante.mx\/index.php?rest_route=%2Fwp%2Fv2%2Fcomments&post=82342"}],"version-history":[{"count":0,"href":"https:\/\/elinformante.mx\/index.php?rest_route=\/wp\/v2\/posts\/82342\/revisions"}],"wp:featuredmedia":[{"embeddable":true,"href":"https:\/\/elinformante.mx\/index.php?rest_route=\/wp\/v2\/media\/82343"}],"wp:attachment":[{"href":"https:\/\/elinformante.mx\/index.php?rest_route=%2Fwp%2Fv2%2Fmedia&parent=82342"}],"wp:term":[{"taxonomy":"category","embeddable":true,"href":"https:\/\/elinformante.mx\/index.php?rest_route=%2Fwp%2Fv2%2Fcategories&post=82342"},{"taxonomy":"post_tag","embeddable":true,"href":"https:\/\/elinformante.mx\/index.php?rest_route=%2Fwp%2Fv2%2Ftags&post=82342"}],"curies":[{"name":"wp","href":"https:\/\/api.w.org\/{rel}","templated":true}]}}