{"id":82350,"date":"2025-05-02T06:19:30","date_gmt":"2025-05-02T12:19:30","guid":{"rendered":"https:\/\/elinformante.mx\/?p=82350"},"modified":"2025-05-02T06:19:32","modified_gmt":"2025-05-02T12:19:32","slug":"cerro-abril-como-el-mes-mas-bajo-en-delitos-por-homicidio-doloso","status":"publish","type":"post","link":"https:\/\/elinformante.mx\/?p=82350","title":{"rendered":"Cerr\u00f3 abril como el mes m\u00e1s bajo en delitos por homicidio doloso"},"content":{"rendered":"\n<figure class=\"wp-block-pullquote\"><blockquote><p>-La Gobernadora Delfina G\u00f3mez \u00c1lvarez destaca este resultado como reflejo del trabajo coordinado con el Gobierno Federal y los municipios.<\/p><\/blockquote><\/figure>\n\n\n\n<p class=\"has-drop-cap\">Abril de 2025 cerr\u00f3 como el mes con menor incidencia en delitos por homicidio doloso que se haya registrado en el Estado de M\u00e9xico durante los \u00faltimos 100 meses, lo anterior de acuerdo con un reporte presentado a la Gobernadora Delfina G\u00f3mez \u00c1lvarez en la Mesa de Coordinaci\u00f3n para la Construcci\u00f3n de la Paz.<br><\/p>\n\n\n\n<p>\u201cCon el gobierno federal y los municipios, trabajamos para que las familias vivan en un Edom\u00e9x m\u00e1s tranquilo y seguro. En la Mesa de Coordinaci\u00f3n para la Construcci\u00f3n de la Paz, la Fiscal\u00eda Edom\u00e9x comparti\u00f3 informaci\u00f3n sobre la disminuci\u00f3n en la incidencia de homicidios dolosos, indicando que abril ha sido el mes con menores cifras en los \u00faltimos ocho a\u00f1os. Juntos realizamos acciones de seguridad para seguir construyendo entornos de paz. #ElPoderDeServir,\u201d se\u00f1al\u00f3 la Gobernadora Delfina G\u00f3mez \u00c1lvarez en sus redes sociales.<br><\/p>\n\n\n\n<p>El an\u00e1lisis de 100 meses refleja que este a\u00f1o, abril report\u00f3 138 v\u00edctimas de homicidio doloso, mientras que en 2017 se registraron 202, de acuerdo con los datos expuestos por la Fiscal\u00eda General de Justicia del Estado de M\u00e9xico (FGJEM).<br><\/p>\n\n\n\n<p>Este reporte tambi\u00e9n se\u00f1ala que el n\u00famero de v\u00edctimas disminuy\u00f3 al pasar de 813 a 601, del 1 de enero al 30 de abril de 2025, en comparaci\u00f3n con el mismo periodo en 2024.<br><\/p>\n\n\n\n<p>Durante estos 100 meses, la incidencia m\u00e1s alta en este delito se registr\u00f3 en abril de 2019 y 2020, con 256 y 253 v\u00edctimas, respectivamente; mientras que los de menor incidencia fueron abril de 2024 y 2025, con 187 y 138 registros, cada uno.<br><\/p>\n\n\n\n<p>En la sesi\u00f3n n\u00famero 402 de este mecanismo de seguridad participaron Horacio Duarte Olivares, Secretario General de Gobierno del Estado de M\u00e9xico; Crist\u00f3bal Casta\u00f1eda Camarillo, Secretario de Seguridad estatal; Jos\u00e9 Luis Cervantes Mart\u00ednez, Fiscal General de Justicia del Estado de M\u00e9xico; y autoridades de las secretar\u00edas de la Defensa, Semar, Guardia Nacional y el Centro Nacional de Inteligencia.<\/p>\n","protected":false},"excerpt":{"rendered":"<p>-La Gobernadora Delfina G\u00f3mez \u00c1lvarez destaca este resultado como reflejo del trabajo coordinado con el Gobierno Federal y los municipios. Abril de 2025 cerr\u00f3 como el mes con menor incidencia en delitos por homicidio doloso que se haya registrado en el Estado de M\u00e9xico durante los \u00faltimos 100 meses, lo anterior de acuerdo con un [&hellip;]<\/p>\n","protected":false},"author":1,"featured_media":82351,"comment_status":"closed","ping_status":"closed","sticky":false,"template":"","format":"standard","meta":{"footnotes":""},"categories":[30,36],"tags":[],"class_list":["post-82350","post","type-post","status-publish","format-standard","has-post-thumbnail","hentry","category-destacado","category-edomex"],"_links":{"self":[{"href":"https:\/\/elinformante.mx\/index.php?rest_route=\/wp\/v2\/posts\/82350","targetHints":{"allow":["GET"]}}],"collection":[{"href":"https:\/\/elinformante.mx\/index.php?rest_route=\/wp\/v2\/posts"}],"about":[{"href":"https:\/\/elinformante.mx\/index.php?rest_route=\/wp\/v2\/types\/post"}],"author":[{"embeddable":true,"href":"https:\/\/elinformante.mx\/index.php?rest_route=\/wp\/v2\/users\/1"}],"replies":[{"embeddable":true,"href":"https:\/\/elinformante.mx\/index.php?rest_route=%2Fwp%2Fv2%2Fcomments&post=82350"}],"version-history":[{"count":0,"href":"https:\/\/elinformante.mx\/index.php?rest_route=\/wp\/v2\/posts\/82350\/revisions"}],"wp:featuredmedia":[{"embeddable":true,"href":"https:\/\/elinformante.mx\/index.php?rest_route=\/wp\/v2\/media\/82351"}],"wp:attachment":[{"href":"https:\/\/elinformante.mx\/index.php?rest_route=%2Fwp%2Fv2%2Fmedia&parent=82350"}],"wp:term":[{"taxonomy":"category","embeddable":true,"href":"https:\/\/elinformante.mx\/index.php?rest_route=%2Fwp%2Fv2%2Fcategories&post=82350"},{"taxonomy":"post_tag","embeddable":true,"href":"https:\/\/elinformante.mx\/index.php?rest_route=%2Fwp%2Fv2%2Ftags&post=82350"}],"curies":[{"name":"wp","href":"https:\/\/api.w.org\/{rel}","templated":true}]}}