{"id":82357,"date":"2025-05-02T06:31:40","date_gmt":"2025-05-02T12:31:40","guid":{"rendered":"https:\/\/elinformante.mx\/?p=82357"},"modified":"2025-05-02T06:31:43","modified_gmt":"2025-05-02T12:31:43","slug":"garantiza-la-uaemex-solvencia-economica-para-2025-barrera-diaz","status":"publish","type":"post","link":"https:\/\/elinformante.mx\/?p=82357","title":{"rendered":"Garantiza la UAEM\u00e9x solvencia econ\u00f3mica para 2025: Barrera D\u00edaz"},"content":{"rendered":"\n<figure class=\"wp-block-pullquote\"><blockquote><p>El Consejo Universitario aprob\u00f3 la auditor\u00eda financiera.<\/p><\/blockquote><\/figure>\n\n\n\n<p class=\"has-drop-cap\">El H. Consejo Universitario encabezado por el rector de la Universidad Aut\u00f3noma del Estado de M\u00e9xico (UAEM\u00e9x), Carlos Eduardo Barrera D\u00edaz garantizaron que los recursos econ\u00f3micos institucionales est\u00e1n garantizados para todo el a\u00f1o 2025.<br><\/p>\n\n\n\n<p>Mediante una sesi\u00f3n fue aprobado el dictamen de la auditor\u00eda aplicada al 31 de marzo, en la que se concluy\u00f3 que, al primer trimestre de este a\u00f1o, la UAEM\u00e9x cumpli\u00f3 estrictamente con las disposiciones en materia de informaci\u00f3n financiera establecida en la Ley General de Contabilidad Gubernamental, con lo cual se acredita que se cuenta con los recursos econ\u00f3micos para cubrir las necesidades institucionales para el resto del a\u00f1o.<br><\/p>\n\n\n\n<p>Mediante las redes sociales de la Universidad, es como Barrera D\u00edaz dio a conocer esta resoluci\u00f3n de aprobaci\u00f3n en el dictamen de una auditor\u00eda aplicada al cierre del mes pasado.<br><\/p>\n\n\n\n<p>Este tema ha sido relevante en este proceso hist\u00f3rico para la M\u00e1xima Casa de Estudios, pues por primera vez, se tendr\u00e1 una mujer rectora.<br><\/p>\n\n\n\n<figure class=\"wp-block-image size-large\"><img fetchpriority=\"high\" decoding=\"async\" width=\"1024\" height=\"506\" src=\"https:\/\/elinformante.mx\/wp-content\/uploads\/2025\/05\/8uaemex-2-1024x506.jpg\" alt=\"\" class=\"wp-image-82360\" srcset=\"https:\/\/elinformante.mx\/wp-content\/uploads\/2025\/05\/8uaemex-2-1024x506.jpg 1024w, https:\/\/elinformante.mx\/wp-content\/uploads\/2025\/05\/8uaemex-2-300x148.jpg 300w, https:\/\/elinformante.mx\/wp-content\/uploads\/2025\/05\/8uaemex-2-768x379.jpg 768w, https:\/\/elinformante.mx\/wp-content\/uploads\/2025\/05\/8uaemex-2.jpg 1140w\" sizes=\"(max-width: 1024px) 100vw, 1024px\" \/><\/figure>\n\n\n\n<p>Durante la sesi\u00f3n el Rector Barrera D\u00edaz aprovecho para volver a negar que el audio que se dio a conocer en d\u00edas pasado fuera aut\u00e9ntico.<br><\/p>\n\n\n\n<p>Fue el pasado 23 de abril, cuando se difundi\u00f3 este audio, donde \u201csupuestamente\u201d se hablaba de \u2018dejar las arcas vac\u00edas\u2019, lo que gener\u00f3 fuertes reacciones.<br><\/p>\n\n\n\n<p>El rector Barrera D\u00edaz, confirm\u00f3 que ese mismo d\u00eda present\u00f3 ante la FGJEM una denuncia de hechos, donde se\u00f1al\u00f3 que el audio fue manipulado. La denuncia fue ratificada una semana despu\u00e9s.<br><\/p>\n\n\n\n<p>El pasado 28 de abril, Barrera D\u00edaz present\u00f3 en redes sociales los resultados del peritaje en inform\u00e1tica y fon\u00e9tica, los cuales concluyeron que el audio era falso debido a cortes en la frecuencia y ausencia de ritmo fluido.<br><\/p>\n\n\n\n<p>La gesti\u00f3n de Carlos Eduardo Barrera D\u00edaz concluir\u00e1 el pr\u00f3ximo 14 de mayo, cuando el Consejo Universitario elija a su sucesora para el periodo 2025-2029.<\/p>\n","protected":false},"excerpt":{"rendered":"<p>El Consejo Universitario aprob\u00f3 la auditor\u00eda financiera. El H. Consejo Universitario encabezado por el rector de la Universidad Aut\u00f3noma del Estado de M\u00e9xico (UAEM\u00e9x), Carlos Eduardo Barrera D\u00edaz garantizaron que los recursos econ\u00f3micos institucionales est\u00e1n garantizados para todo el a\u00f1o 2025. Mediante una sesi\u00f3n fue aprobado el dictamen de la auditor\u00eda aplicada al 31 de [&hellip;]<\/p>\n","protected":false},"author":1,"featured_media":82359,"comment_status":"closed","ping_status":"closed","sticky":false,"template":"","format":"standard","meta":{"footnotes":""},"categories":[30,36,31],"tags":[46],"class_list":["post-82357","post","type-post","status-publish","format-standard","has-post-thumbnail","hentry","category-destacado","category-edomex","category-portada","tag-portadaedomex"],"_links":{"self":[{"href":"https:\/\/elinformante.mx\/index.php?rest_route=\/wp\/v2\/posts\/82357","targetHints":{"allow":["GET"]}}],"collection":[{"href":"https:\/\/elinformante.mx\/index.php?rest_route=\/wp\/v2\/posts"}],"about":[{"href":"https:\/\/elinformante.mx\/index.php?rest_route=\/wp\/v2\/types\/post"}],"author":[{"embeddable":true,"href":"https:\/\/elinformante.mx\/index.php?rest_route=\/wp\/v2\/users\/1"}],"replies":[{"embeddable":true,"href":"https:\/\/elinformante.mx\/index.php?rest_route=%2Fwp%2Fv2%2Fcomments&post=82357"}],"version-history":[{"count":0,"href":"https:\/\/elinformante.mx\/index.php?rest_route=\/wp\/v2\/posts\/82357\/revisions"}],"wp:featuredmedia":[{"embeddable":true,"href":"https:\/\/elinformante.mx\/index.php?rest_route=\/wp\/v2\/media\/82359"}],"wp:attachment":[{"href":"https:\/\/elinformante.mx\/index.php?rest_route=%2Fwp%2Fv2%2Fmedia&parent=82357"}],"wp:term":[{"taxonomy":"category","embeddable":true,"href":"https:\/\/elinformante.mx\/index.php?rest_route=%2Fwp%2Fv2%2Fcategories&post=82357"},{"taxonomy":"post_tag","embeddable":true,"href":"https:\/\/elinformante.mx\/index.php?rest_route=%2Fwp%2Fv2%2Ftags&post=82357"}],"curies":[{"name":"wp","href":"https:\/\/api.w.org\/{rel}","templated":true}]}}