{"id":82362,"date":"2025-05-02T06:33:58","date_gmt":"2025-05-02T12:33:58","guid":{"rendered":"https:\/\/elinformante.mx\/?p=82362"},"modified":"2025-05-02T06:33:59","modified_gmt":"2025-05-02T12:33:59","slug":"janecarlo-lozano-lleva-alegria-a-ninos-de-la-gustavo-a-madero","status":"publish","type":"post","link":"https:\/\/elinformante.mx\/?p=82362","title":{"rendered":"Janecarlo Lozano lleva alegr\u00eda a ni\u00f1os de la Gustavo A. Madero"},"content":{"rendered":"\n<figure class=\"wp-block-pullquote\"><blockquote><p>Ni\u00f1os y padres de familia pudieron disfrutar de una completa fiesta, donde hubo concursos para ganar entradas a un acuario, pintacaritas, shows de payasos<\/p><\/blockquote><\/figure>\n\n\n\n<p class=\"has-drop-cap\">Fueron m\u00e1s de 40 mil infantes celebraron a lo grande el D\u00eda del Ni\u00f1o y de la Ni\u00f1a en la alcald\u00eda Gustavo A Madero, gobernada por Janecarlo Lozano, quien realiz\u00f3 ocho festivales a lo largo de la demarcaci\u00f3n para dar una tarde agradable a las familias maderenses.<br><\/p>\n\n\n\n<p>Los festivales m\u00e1s grandes se llevaron a cabo en el deportivo Carmen Serd\u00e1n de Cuautepec y en el deportivo El Zarco en la colonia San Juan de Arag\u00f3n primera secci\u00f3n, en ambos eventos hubo una afluencia de 20 mil personas. Ni\u00f1os y padres de familia pudieron disfrutar de una completa fiesta, hubo concursos para ganar entradas a un acuario, pintacaritas, shows de payasos, m\u00fasica en vivo, rifa de bicicletas y videojuegos, adem\u00e1s, cada ni\u00f1o recibi\u00f3 un juguete de parte del alcalde Janecarlo Lozano.<br><\/p>\n\n\n\n<p>De acuerdo con el edil, su gobierno trabaja por el bienestar de las familias maderenses al realizar tareas de seguridad y mejoramiento urbano, sin embargo, tambi\u00e9n se abren estos espacios de diversi\u00f3n para que las familias puedan reunirse.<br><\/p>\n\n\n\n<p>\u201cEs importante celebrar este d\u00eda porque hay que decirle a los ni\u00f1os que estamos trabajando fuertemente para garantizarles una ni\u00f1ez digna, tranquila, con todos los derechos plenos, una ni\u00f1ez en donde ellos se sientan a gusto y solo se preocupen por ser felices, eso es lo importante.<br><\/p>\n\n\n\n<figure class=\"wp-block-image size-large\"><img fetchpriority=\"high\" decoding=\"async\" width=\"1024\" height=\"506\" src=\"https:\/\/elinformante.mx\/wp-content\/uploads\/2025\/05\/6janecarlo-1024x506.jpg\" alt=\"\" class=\"wp-image-82364\" srcset=\"https:\/\/elinformante.mx\/wp-content\/uploads\/2025\/05\/6janecarlo-1024x506.jpg 1024w, https:\/\/elinformante.mx\/wp-content\/uploads\/2025\/05\/6janecarlo-300x148.jpg 300w, https:\/\/elinformante.mx\/wp-content\/uploads\/2025\/05\/6janecarlo-768x379.jpg 768w, https:\/\/elinformante.mx\/wp-content\/uploads\/2025\/05\/6janecarlo.jpg 1140w\" sizes=\"(max-width: 1024px) 100vw, 1024px\" \/><\/figure>\n\n\n\n<p>\u201cHay que dar todo el esfuerzo para que le construyamos el mejor futuro a las y los ni\u00f1os de la Gustavo A Madero, ellos no son un n\u00famero ni un gasto, son el coraz\u00f3n de nuestras decisiones, el futuro de nuestras comunidades y lo m\u00e1s bonito que hay en nuestros hogares\u201d, as\u00ed lo expres\u00f3 el alcalde Janecarlo Lozano.<br><\/p>\n\n\n\n<p>Cabe destacar que desde hace diez a\u00f1os se han llevado a cabo este tipo de celebraciones, cuando Janecarlo Lozano a\u00fan no era alcalde, por ello es que tiene una amplia convocatoria, pues siempre se ha dado lo mejor para cada ni\u00f1o que asiste a las fiestas.<br><\/p>\n\n\n\n<p>El alcalde Janecarlo Lozano a\u00f1adi\u00f3 que la Cuarta Transformaci\u00f3n trabaja a favor de la infancia y se comprometi\u00f3 a liderar acciones para los ni\u00f1os y j\u00f3venes a fin de que puedan tener una vida feliz, plena y con derechos.<br><\/p>\n\n\n\n<p>Durante su discurso, asegur\u00f3 que trabajan con los preceptos que ha dicho la Presidenta de M\u00e9xico, Claudia Sheinbaum, quien trabaja para que los ni\u00f1os se puedan desarrollar en la profesi\u00f3n que ellos deseen, por medio del aprendizaje en la escuela se pueden graduar como m\u00e9dicos, arquitectas, maestros, o presidentas.<br><\/p>\n\n\n\n<p>Mencion\u00f3 la importancia del trabajo que ha desempe\u00f1ado la Jefa de Gobierno, Clara Brugada, quien ha dado oportunidades para los ni\u00f1os y j\u00f3venes a fin de que puedan seguir estudiando y gozar de una infancia feliz.<\/p>\n","protected":false},"excerpt":{"rendered":"<p>Ni\u00f1os y padres de familia pudieron disfrutar de una completa fiesta, donde hubo concursos para ganar entradas a un acuario, pintacaritas, shows de payasos Fueron m\u00e1s de 40 mil infantes celebraron a lo grande el D\u00eda del Ni\u00f1o y de la Ni\u00f1a en la alcald\u00eda Gustavo A Madero, gobernada por Janecarlo Lozano, quien realiz\u00f3 ocho [&hellip;]<\/p>\n","protected":false},"author":1,"featured_media":82363,"comment_status":"closed","ping_status":"closed","sticky":false,"template":"","format":"standard","meta":{"footnotes":""},"categories":[35],"tags":[],"class_list":["post-82362","post","type-post","status-publish","format-standard","has-post-thumbnail","hentry","category-cdmx"],"_links":{"self":[{"href":"https:\/\/elinformante.mx\/index.php?rest_route=\/wp\/v2\/posts\/82362","targetHints":{"allow":["GET"]}}],"collection":[{"href":"https:\/\/elinformante.mx\/index.php?rest_route=\/wp\/v2\/posts"}],"about":[{"href":"https:\/\/elinformante.mx\/index.php?rest_route=\/wp\/v2\/types\/post"}],"author":[{"embeddable":true,"href":"https:\/\/elinformante.mx\/index.php?rest_route=\/wp\/v2\/users\/1"}],"replies":[{"embeddable":true,"href":"https:\/\/elinformante.mx\/index.php?rest_route=%2Fwp%2Fv2%2Fcomments&post=82362"}],"version-history":[{"count":0,"href":"https:\/\/elinformante.mx\/index.php?rest_route=\/wp\/v2\/posts\/82362\/revisions"}],"wp:featuredmedia":[{"embeddable":true,"href":"https:\/\/elinformante.mx\/index.php?rest_route=\/wp\/v2\/media\/82363"}],"wp:attachment":[{"href":"https:\/\/elinformante.mx\/index.php?rest_route=%2Fwp%2Fv2%2Fmedia&parent=82362"}],"wp:term":[{"taxonomy":"category","embeddable":true,"href":"https:\/\/elinformante.mx\/index.php?rest_route=%2Fwp%2Fv2%2Fcategories&post=82362"},{"taxonomy":"post_tag","embeddable":true,"href":"https:\/\/elinformante.mx\/index.php?rest_route=%2Fwp%2Fv2%2Ftags&post=82362"}],"curies":[{"name":"wp","href":"https:\/\/api.w.org\/{rel}","templated":true}]}}