{"id":82366,"date":"2025-05-02T06:35:01","date_gmt":"2025-05-02T12:35:01","guid":{"rendered":"https:\/\/elinformante.mx\/?p=82366"},"modified":"2025-05-02T06:35:03","modified_gmt":"2025-05-02T12:35:03","slug":"celebrara-rojo-de-la-vega-en-la-cuauhtemoc-el-dia-de-la-nina-y-el-nino","status":"publish","type":"post","link":"https:\/\/elinformante.mx\/?p=82366","title":{"rendered":"Celebrar\u00e1 Rojo de la Vega en la Cuauht\u00e9moc el D\u00eda de la ni\u00f1a y el ni\u00f1o"},"content":{"rendered":"\n<figure class=\"wp-block-pullquote\"><blockquote><p>-La explanada de la alcald\u00eda se llen\u00f3 de m\u00fasica, risas y actividades para cientos de ni\u00f1as y ni\u00f1os que disfrutaron de un festejo con alegr\u00eda y sorpresas.<\/p><\/blockquote><\/figure>\n\n\n\n<p class=\"has-drop-cap\">Con la participaci\u00f3n de cientos de ni\u00f1as, ni\u00f1os y sus familias, la alcaldesa Alessandra Rojo de la Vega encabez\u00f3 la celebraci\u00f3n del D\u00eda de la Ni\u00f1a y el Ni\u00f1o con una jornada festiva que convirti\u00f3 la explanada de la demarcaci\u00f3n en un espacio de juego, convivencia y la reafirmaci\u00f3n del compromiso del Gobierno de Cuauht\u00e9moc con las y los m\u00e1s de 90 mil menores que habitan la demarcaci\u00f3n.<br><\/p>\n\n\n\n<p>Durante el evento, la administraci\u00f3n que lidera Ale Rojo de la Vega prepar\u00f3 show de payasos, juegos de feria, funci\u00f3n de cine, inflables, y stands con algodones de az\u00facar, palomitas, helados y regalos para todas y todos los asistentes. La alcaldesa convivi\u00f3 y se tom\u00f3 fotograf\u00edas con los peque\u00f1os, para despu\u00e9s ofrecer un mensaje y entregar personalmente obsequios a todos ellos.<br><\/p>\n\n\n\n<p>\u201cHoy es un d\u00eda para ver al mundo con los ojos de la infancia, con ilusi\u00f3n, con valent\u00eda y con esperanza\u201d, expres\u00f3 la mandataria en su mensaje. \u201cEn Cuauht\u00e9moc estamos convencidas y convencidos de que proteger a las ni\u00f1as y a los ni\u00f1os no es solo un gesto bonito ni una fecha en el calendario, es un compromiso de todos los d\u00edas\u201d, subray\u00f3.<br><\/p>\n\n\n\n<figure class=\"wp-block-image size-large\"><img fetchpriority=\"high\" decoding=\"async\" width=\"1024\" height=\"506\" src=\"https:\/\/elinformante.mx\/wp-content\/uploads\/2025\/05\/6celebrara-1024x506.jpg\" alt=\"\" class=\"wp-image-82368\" srcset=\"https:\/\/elinformante.mx\/wp-content\/uploads\/2025\/05\/6celebrara-1024x506.jpg 1024w, https:\/\/elinformante.mx\/wp-content\/uploads\/2025\/05\/6celebrara-300x148.jpg 300w, https:\/\/elinformante.mx\/wp-content\/uploads\/2025\/05\/6celebrara-768x379.jpg 768w, https:\/\/elinformante.mx\/wp-content\/uploads\/2025\/05\/6celebrara.jpg 1140w\" sizes=\"(max-width: 1024px) 100vw, 1024px\" \/><\/figure>\n\n\n\n<p>La edil reconoci\u00f3 tambi\u00e9n el esfuerzo de madres, padres y cuidadores: \u201cs\u00e9 que muchas veces hay que estirar el d\u00eda, aguantar el cansancio y resolver lo imposible. Gracias por sostener la vida con sus manos\u201d. Ale Rojo de la Vega asegur\u00f3 que su gobierno trabaja para garantizar espacios dignos para la infancia.<br><\/p>\n\n\n\n<p>Actualmente, en Cuauht\u00e9moc viven m\u00e1s de 90 mil ni\u00f1as y ni\u00f1os. \u201cCada uno es una historia, es esperanza y es una raz\u00f3n para hacerlo mejor\u201d, afirm\u00f3.<br><\/p>\n\n\n\n<p>Esta celebraci\u00f3n refiri\u00f3 la edil, es un reflejo del compromiso de su gobierno de seguir trabajando para que la ni\u00f1ez crezca en entornos limpios, seguros y llenos de oportunidades. \u201cPorque cuando se protege a las infancias, se construye futuro. Y en Cuauht\u00e9moc, el futuro empieza hoy\u201d, sentenci\u00f3.<\/p>\n","protected":false},"excerpt":{"rendered":"<p>-La explanada de la alcald\u00eda se llen\u00f3 de m\u00fasica, risas y actividades para cientos de ni\u00f1as y ni\u00f1os que disfrutaron de un festejo con alegr\u00eda y sorpresas. Con la participaci\u00f3n de cientos de ni\u00f1as, ni\u00f1os y sus familias, la alcaldesa Alessandra Rojo de la Vega encabez\u00f3 la celebraci\u00f3n del D\u00eda de la Ni\u00f1a y el [&hellip;]<\/p>\n","protected":false},"author":1,"featured_media":82367,"comment_status":"closed","ping_status":"closed","sticky":false,"template":"","format":"standard","meta":{"footnotes":""},"categories":[35,30],"tags":[],"class_list":["post-82366","post","type-post","status-publish","format-standard","has-post-thumbnail","hentry","category-cdmx","category-destacado"],"_links":{"self":[{"href":"https:\/\/elinformante.mx\/index.php?rest_route=\/wp\/v2\/posts\/82366","targetHints":{"allow":["GET"]}}],"collection":[{"href":"https:\/\/elinformante.mx\/index.php?rest_route=\/wp\/v2\/posts"}],"about":[{"href":"https:\/\/elinformante.mx\/index.php?rest_route=\/wp\/v2\/types\/post"}],"author":[{"embeddable":true,"href":"https:\/\/elinformante.mx\/index.php?rest_route=\/wp\/v2\/users\/1"}],"replies":[{"embeddable":true,"href":"https:\/\/elinformante.mx\/index.php?rest_route=%2Fwp%2Fv2%2Fcomments&post=82366"}],"version-history":[{"count":0,"href":"https:\/\/elinformante.mx\/index.php?rest_route=\/wp\/v2\/posts\/82366\/revisions"}],"wp:featuredmedia":[{"embeddable":true,"href":"https:\/\/elinformante.mx\/index.php?rest_route=\/wp\/v2\/media\/82367"}],"wp:attachment":[{"href":"https:\/\/elinformante.mx\/index.php?rest_route=%2Fwp%2Fv2%2Fmedia&parent=82366"}],"wp:term":[{"taxonomy":"category","embeddable":true,"href":"https:\/\/elinformante.mx\/index.php?rest_route=%2Fwp%2Fv2%2Fcategories&post=82366"},{"taxonomy":"post_tag","embeddable":true,"href":"https:\/\/elinformante.mx\/index.php?rest_route=%2Fwp%2Fv2%2Ftags&post=82366"}],"curies":[{"name":"wp","href":"https:\/\/api.w.org\/{rel}","templated":true}]}}