{"id":82377,"date":"2025-05-02T06:41:35","date_gmt":"2025-05-02T12:41:35","guid":{"rendered":"https:\/\/elinformante.mx\/?p=82377"},"modified":"2025-05-02T06:41:36","modified_gmt":"2025-05-02T12:41:36","slug":"celebran-en-chilpancingo-el-dia-internacional-del-trabajo","status":"publish","type":"post","link":"https:\/\/elinformante.mx\/?p=82377","title":{"rendered":"Celebran en Chilpancingo el d\u00eda Internacional del Trabajo"},"content":{"rendered":"\n<figure class=\"wp-block-pullquote\"><blockquote><p>Priorizan el respeto a los derechos humanos y laborales de las y los trabajadores guerrerenses<\/p><\/blockquote><\/figure>\n\n\n\n<p class=\"has-drop-cap\">En representaci\u00f3n de la gobernadora del Estado, Evelyn Salgado Pineda, el titular de la Secretar\u00eda del Trabajo y Previsi\u00f3n Social (STyPS), Omar Estrada Bustos, presidi\u00f3 la ceremonia oficial de conmemoraci\u00f3n del 1\u00b0 de mayo, \u201cD\u00eda Internacional del Trabajo\u201d, se\u00f1al\u00f3 que la actual administraci\u00f3n estatal prioriza que se garanticen los derechos humanos y laborales de las y los trabajadores, sin importar sectores o giros.<br><\/p>\n\n\n\n<p>Este evento, organizado por la Secretar\u00eda de Cultura bajo la direcci\u00f3n de Aida Melina Mart\u00ednez Rebolledo, tuvo lugar en la Plaza C\u00edvica Primer Congreso de An\u00e1huac, en esta ciudad capital, donde se concentraron cientos trabajadores de diferentes sectores, quienes durante el evento pidieron principalmente se contin\u00fae respetando su derecho al empleo y respetar los logros alcanzados en materia laboral.<br><\/p>\n\n\n\n<p>Omar Estrada destac\u00f3 que la prioridad del gobierno de Evelyn Salgado Pineda es garantizar que la poblaci\u00f3n sea competitiva en el desempe\u00f1o de los trabajos para los cuales son contratados, por lo cual enfatiz\u00f3 la importancia de la capacitaci\u00f3n continua, que permite a los trabajadores mejorar sus habilidades y, por ende, su rendimiento laboral.<br><\/p>\n\n\n\n<p>Subray\u00f3 que, hasta el \u00faltimo d\u00eda de la administraci\u00f3n de la gobernadora, se continuar\u00e1 promoviendo de manera incansable la capacitaci\u00f3n de la poblaci\u00f3n trabajadora, as\u00ed como el respeto pleno de los derechos laborales y humanos de las y los trabajadores, sin distinci\u00f3n de sector o giro.<br><\/p>\n\n\n\n<p>En el marco del D\u00eda Internacional del Trabajo, el funcionario estatal reafirm\u00f3 el compromiso del gobierno del estado y del gobierno federal de seguir impulsando mejoras para aquellos que a\u00fan no han alcanzado una plena justicia social y laboral.<br><\/p>\n\n\n\n<p>Finalmente, reconoci\u00f3 que persisten brechas de desigualdad en el \u00e1mbito laboral y que a trav\u00e9s de la coordinaci\u00f3n con las dependencias encargadas de estos temas colaboren en su reducci\u00f3n, por lo cual hizo un llamado a cerrar filas en torno al gobierno de Evelyn Salgado Pineda, con el objetivo de hacer realidad lo que establecen los apartados A y B de la Constituci\u00f3n Pol\u00edtica de los Estados Unidos Mexicanos.<\/p>\n","protected":false},"excerpt":{"rendered":"<p>Priorizan el respeto a los derechos humanos y laborales de las y los trabajadores guerrerenses En representaci\u00f3n de la gobernadora del Estado, Evelyn Salgado Pineda, el titular de la Secretar\u00eda del Trabajo y Previsi\u00f3n Social (STyPS), Omar Estrada Bustos, presidi\u00f3 la ceremonia oficial de conmemoraci\u00f3n del 1\u00b0 de mayo, \u201cD\u00eda Internacional del Trabajo\u201d, se\u00f1al\u00f3 que [&hellip;]<\/p>\n","protected":false},"author":1,"featured_media":82378,"comment_status":"closed","ping_status":"closed","sticky":false,"template":"","format":"standard","meta":{"footnotes":""},"categories":[34],"tags":[],"class_list":["post-82377","post","type-post","status-publish","format-standard","has-post-thumbnail","hentry","category-nacional"],"_links":{"self":[{"href":"https:\/\/elinformante.mx\/index.php?rest_route=\/wp\/v2\/posts\/82377","targetHints":{"allow":["GET"]}}],"collection":[{"href":"https:\/\/elinformante.mx\/index.php?rest_route=\/wp\/v2\/posts"}],"about":[{"href":"https:\/\/elinformante.mx\/index.php?rest_route=\/wp\/v2\/types\/post"}],"author":[{"embeddable":true,"href":"https:\/\/elinformante.mx\/index.php?rest_route=\/wp\/v2\/users\/1"}],"replies":[{"embeddable":true,"href":"https:\/\/elinformante.mx\/index.php?rest_route=%2Fwp%2Fv2%2Fcomments&post=82377"}],"version-history":[{"count":0,"href":"https:\/\/elinformante.mx\/index.php?rest_route=\/wp\/v2\/posts\/82377\/revisions"}],"wp:featuredmedia":[{"embeddable":true,"href":"https:\/\/elinformante.mx\/index.php?rest_route=\/wp\/v2\/media\/82378"}],"wp:attachment":[{"href":"https:\/\/elinformante.mx\/index.php?rest_route=%2Fwp%2Fv2%2Fmedia&parent=82377"}],"wp:term":[{"taxonomy":"category","embeddable":true,"href":"https:\/\/elinformante.mx\/index.php?rest_route=%2Fwp%2Fv2%2Fcategories&post=82377"},{"taxonomy":"post_tag","embeddable":true,"href":"https:\/\/elinformante.mx\/index.php?rest_route=%2Fwp%2Fv2%2Ftags&post=82377"}],"curies":[{"name":"wp","href":"https:\/\/api.w.org\/{rel}","templated":true}]}}