{"id":82387,"date":"2025-05-02T06:46:04","date_gmt":"2025-05-02T12:46:04","guid":{"rendered":"https:\/\/elinformante.mx\/?p=82387"},"modified":"2025-05-02T06:46:30","modified_gmt":"2025-05-02T12:46:30","slug":"tuve-una-buena-conversacion-con-trump-trabajamos-en-alcanzar-mejores-acuerdos-comerciales-sheinbaum","status":"publish","type":"post","link":"https:\/\/elinformante.mx\/?p=82387","title":{"rendered":"\u201cTuve una buena conversaci\u00f3n con Trump; trabajamos en alcanzar mejores acuerdos comerciales\u201d: Sheinbaum"},"content":{"rendered":"\n<figure class=\"wp-block-pullquote\"><blockquote><p>A trav\u00e9s de redes sociales, la Jefa del Ejecutivo Federal dio a conocer la conversaci\u00f3n positiva que sostuvo con su hom\u00f3logo estadounidense.<\/p><\/blockquote><\/figure>\n\n\n\n<p class=\"has-drop-cap\">La Presidenta Claudia Sheinbaum Pardo inform\u00f3 que hay un deseo por parte del Gobierno de M\u00e9xico y de Estados Unidos de alcanzar mejores acuerdos en materia comercial, esto tras sostener esta ma\u00f1ana una llamada telef\u00f3nica con el Presidente Donald Trump.<br><\/p>\n\n\n\n<p>\u201cFue una muy buena conversaci\u00f3n. Y aunque no hay un acuerdo espec\u00edfico, lo importante es que estamos trabajando en ello, y hay un deseo, por parte del Gobierno de los Estados Unidos y nuestro, en que alcancemos todav\u00eda mejores acuerdos en materia comercial\u201d, destac\u00f3.<br><\/p>\n\n\n\n<p>Precis\u00f3 que nuestro pa\u00eds busca mejores condiciones para la industria automotriz, el acero y el aluminio, mientras que la administraci\u00f3n estadounidense busca disminuir lo que ellos consideran como un \u201cd\u00e9ficit con M\u00e9xico\u201d, por lo que los secretarios de Hacienda y Cr\u00e9dito P\u00fablico, Edgar Amador Zamora, y de Econom\u00eda, Marcelo Ebrard Casaubon, del Gobierno de M\u00e9xico, as\u00ed como del Tesoro, Scott Bessent, y de Comercio, Howard W. Lutnick, de Estados Unidos, trabajar\u00e1n sobre dichos temas.<br><\/p>\n\n\n\n<figure class=\"wp-block-image size-large\"><img fetchpriority=\"high\" decoding=\"async\" width=\"1024\" height=\"506\" src=\"https:\/\/elinformante.mx\/wp-content\/uploads\/2025\/05\/3claudia-2-1024x506.jpg\" alt=\"\" class=\"wp-image-82389\" srcset=\"https:\/\/elinformante.mx\/wp-content\/uploads\/2025\/05\/3claudia-2-1024x506.jpg 1024w, https:\/\/elinformante.mx\/wp-content\/uploads\/2025\/05\/3claudia-2-300x148.jpg 300w, https:\/\/elinformante.mx\/wp-content\/uploads\/2025\/05\/3claudia-2-768x379.jpg 768w, https:\/\/elinformante.mx\/wp-content\/uploads\/2025\/05\/3claudia-2.jpg 1140w\" sizes=\"(max-width: 1024px) 100vw, 1024px\" \/><\/figure>\n\n\n\n<p>\u201cEs una buena se\u00f1al de que seguimos avanzando en todav\u00eda el fortalecimiento del Tratado entre M\u00e9xico, Estados Unidos y Canad\u00e1 y los temas que a nosotros nos interesan y, obviamente, los que a ellos les interesan\u201d, agreg\u00f3.<br><\/p>\n\n\n\n<p>A trav\u00e9s de redes sociales, la Jefa del Ejecutivo Federal dio a conocer la conversaci\u00f3n positiva que sostuvo con su hom\u00f3logo estadounidense.<br><\/p>\n\n\n\n<p>\u201cTuve una conversaci\u00f3n muy positiva con el presidente Trump; acordamos que los secretarios de Hacienda y Tesoro, as\u00ed como de Econom\u00eda y Comercio, seguir\u00e1n trabajando en los pr\u00f3ximos d\u00edas en alternativas para mejorar nuestro balance comercial y avanzar en los temas pendientes para beneficio de ambos pa\u00edses\u201d, inform\u00f3.<\/p>\n","protected":false},"excerpt":{"rendered":"<p>A trav\u00e9s de redes sociales, la Jefa del Ejecutivo Federal dio a conocer la conversaci\u00f3n positiva que sostuvo con su hom\u00f3logo estadounidense. La Presidenta Claudia Sheinbaum Pardo inform\u00f3 que hay un deseo por parte del Gobierno de M\u00e9xico y de Estados Unidos de alcanzar mejores acuerdos en materia comercial, esto tras sostener esta ma\u00f1ana una [&hellip;]<\/p>\n","protected":false},"author":1,"featured_media":82388,"comment_status":"closed","ping_status":"closed","sticky":false,"template":"","format":"standard","meta":{"footnotes":""},"categories":[30,34],"tags":[],"class_list":["post-82387","post","type-post","status-publish","format-standard","has-post-thumbnail","hentry","category-destacado","category-nacional"],"_links":{"self":[{"href":"https:\/\/elinformante.mx\/index.php?rest_route=\/wp\/v2\/posts\/82387","targetHints":{"allow":["GET"]}}],"collection":[{"href":"https:\/\/elinformante.mx\/index.php?rest_route=\/wp\/v2\/posts"}],"about":[{"href":"https:\/\/elinformante.mx\/index.php?rest_route=\/wp\/v2\/types\/post"}],"author":[{"embeddable":true,"href":"https:\/\/elinformante.mx\/index.php?rest_route=\/wp\/v2\/users\/1"}],"replies":[{"embeddable":true,"href":"https:\/\/elinformante.mx\/index.php?rest_route=%2Fwp%2Fv2%2Fcomments&post=82387"}],"version-history":[{"count":0,"href":"https:\/\/elinformante.mx\/index.php?rest_route=\/wp\/v2\/posts\/82387\/revisions"}],"wp:featuredmedia":[{"embeddable":true,"href":"https:\/\/elinformante.mx\/index.php?rest_route=\/wp\/v2\/media\/82388"}],"wp:attachment":[{"href":"https:\/\/elinformante.mx\/index.php?rest_route=%2Fwp%2Fv2%2Fmedia&parent=82387"}],"wp:term":[{"taxonomy":"category","embeddable":true,"href":"https:\/\/elinformante.mx\/index.php?rest_route=%2Fwp%2Fv2%2Fcategories&post=82387"},{"taxonomy":"post_tag","embeddable":true,"href":"https:\/\/elinformante.mx\/index.php?rest_route=%2Fwp%2Fv2%2Ftags&post=82387"}],"curies":[{"name":"wp","href":"https:\/\/api.w.org\/{rel}","templated":true}]}}