{"id":82399,"date":"2025-05-02T06:53:44","date_gmt":"2025-05-02T12:53:44","guid":{"rendered":"https:\/\/elinformante.mx\/?p=82399"},"modified":"2025-05-02T06:53:47","modified_gmt":"2025-05-02T12:53:47","slug":"stps-anuncia-reduccion-de-jornada-laboral-sera-de-40-horas","status":"publish","type":"post","link":"https:\/\/elinformante.mx\/?p=82399","title":{"rendered":"STPS ANUNCIA REDUCCI\u00d3N DE JORNADA LABORAL; SER\u00c1 DE 40 HORAS"},"content":{"rendered":"\n<figure class=\"wp-block-pullquote\"><blockquote><p>El titular de STPS, Marath Bola\u00f1os, se\u00f1al\u00f3 que esta implementaci\u00f3n ser\u00e1 gradual a fin de que a m\u00e1s tardar en enero de 2030 todos los trabajadores laboren 40 horas a la semana.<\/p><\/blockquote><\/figure>\n\n\n\n<p class=\"has-drop-cap\">Fue este 1 de mayo, D\u00eda del Trabajo, cuando el titular de la Secretar\u00eda del Trabajo y Previsi\u00f3n Social (STPS), Marath Bola\u00f1os, dio el anuncio de que s\u00ed habr\u00e1 reducci\u00f3n de la jornada laboral de 48 a 40 horas semanales.<br><\/p>\n\n\n\n<figure class=\"wp-block-image size-large\"><img fetchpriority=\"high\" decoding=\"async\" width=\"1024\" height=\"506\" src=\"https:\/\/elinformante.mx\/wp-content\/uploads\/2025\/05\/9jornada-2-1024x506.jpg\" alt=\"\" class=\"wp-image-82401\" srcset=\"https:\/\/elinformante.mx\/wp-content\/uploads\/2025\/05\/9jornada-2-1024x506.jpg 1024w, https:\/\/elinformante.mx\/wp-content\/uploads\/2025\/05\/9jornada-2-300x148.jpg 300w, https:\/\/elinformante.mx\/wp-content\/uploads\/2025\/05\/9jornada-2-768x379.jpg 768w, https:\/\/elinformante.mx\/wp-content\/uploads\/2025\/05\/9jornada-2.jpg 1140w\" sizes=\"(max-width: 1024px) 100vw, 1024px\" \/><\/figure>\n\n\n\n<p>Esta resoluci\u00f3n se tom\u00f3 despu\u00e9s de una reuni\u00f3n entre el gobierno y dirigentes de distintos sindicatos, el funcionario dio a conocer la noticia: \u201cMe entusiasma anunciar que por instrucciones de nuestra presidenta comenzaremos con la instalaci\u00f3n paulatina de la semana laboral de 40 horas en nuestro pa\u00eds\u201d, dijo entre aplausos.<br><\/p>\n\n\n\n<p>Bola\u00f1os detall\u00f3 que esta implementaci\u00f3n ser\u00e1 gradual a fin de que a m\u00e1s tardar en enero de 2030, los trabajadores ya solo laboren 40 horas a la semana.<br><\/p>\n\n\n\n<figure class=\"wp-block-image size-large\"><img decoding=\"async\" width=\"1024\" height=\"506\" src=\"https:\/\/elinformante.mx\/wp-content\/uploads\/2025\/05\/9jornada-4-1024x506.jpg\" alt=\"\" class=\"wp-image-82402\" srcset=\"https:\/\/elinformante.mx\/wp-content\/uploads\/2025\/05\/9jornada-4-1024x506.jpg 1024w, https:\/\/elinformante.mx\/wp-content\/uploads\/2025\/05\/9jornada-4-300x148.jpg 300w, https:\/\/elinformante.mx\/wp-content\/uploads\/2025\/05\/9jornada-4-768x379.jpg 768w, https:\/\/elinformante.mx\/wp-content\/uploads\/2025\/05\/9jornada-4.jpg 1140w\" sizes=\"(max-width: 1024px) 100vw, 1024px\" \/><\/figure>\n\n\n\n<p>Asegur\u00f3 que se trata de una demanda que los mexicanos hab\u00edan hecho desde hace mucho y que, para hacer posible su implementaci\u00f3n, se escuchar\u00e1n las voces de todos los sectores involucrados: \u201cConvocaremos a los diversos sectores de las y los trabajadores, empresarias y empresarios, empresarios, acad\u00e9micas y acad\u00e9micos, y dem\u00e1s interesados para que a partir del 2 de junio al 7 de julio dialoguemos\u201d, agreg\u00f3.<br><\/p>\n\n\n\n<p>Lo que significa que se organizar\u00e1n foros en distintas ciudades del pa\u00eds con el objetivo de construir una propuesta -un modelo justo y eficaz, dijo Bola\u00f1os- para llegar gradual y paulatinamente a la semana laboral de las 40 horas.<br><\/p>\n\n\n\n<figure class=\"wp-block-image size-large\"><img decoding=\"async\" width=\"1024\" height=\"506\" src=\"https:\/\/elinformante.mx\/wp-content\/uploads\/2025\/05\/9jornada-1024x506.jpg\" alt=\"\" class=\"wp-image-82403\" srcset=\"https:\/\/elinformante.mx\/wp-content\/uploads\/2025\/05\/9jornada-1024x506.jpg 1024w, https:\/\/elinformante.mx\/wp-content\/uploads\/2025\/05\/9jornada-300x148.jpg 300w, https:\/\/elinformante.mx\/wp-content\/uploads\/2025\/05\/9jornada-768x379.jpg 768w, https:\/\/elinformante.mx\/wp-content\/uploads\/2025\/05\/9jornada.jpg 1140w\" sizes=\"(max-width: 1024px) 100vw, 1024px\" \/><\/figure>\n\n\n\n<p>Adem\u00e1s reiter\u00f3 que reducir las horas de trabajo no disminuye la productividad ni reduce el valor generado; lo que hace es dignificar la existencia de las y los trabajadores, devolvi\u00e9ndoles horas de su vida y valorizando el trabajo que realizan semana a semana\u201d, sentenci\u00f3 el secretario.<br><\/p>\n\n\n\n<p>La presidenta Claudia Sheinbaum expres\u00f3 que junto con los aumentos al salario m\u00ednimo y otras reformas la reducci\u00f3n de la jornada laboral a 40 horas forma parte de un plan de justicia social para las y los trabajadores.<br><\/p>\n\n\n\n<figure class=\"wp-block-image size-large\"><img loading=\"lazy\" decoding=\"async\" width=\"1024\" height=\"506\" src=\"https:\/\/elinformante.mx\/wp-content\/uploads\/2025\/05\/9jornada-6-1024x506.jpg\" alt=\"\" class=\"wp-image-82404\" srcset=\"https:\/\/elinformante.mx\/wp-content\/uploads\/2025\/05\/9jornada-6-1024x506.jpg 1024w, https:\/\/elinformante.mx\/wp-content\/uploads\/2025\/05\/9jornada-6-300x148.jpg 300w, https:\/\/elinformante.mx\/wp-content\/uploads\/2025\/05\/9jornada-6-768x379.jpg 768w, https:\/\/elinformante.mx\/wp-content\/uploads\/2025\/05\/9jornada-6.jpg 1140w\" sizes=\"(max-width: 1024px) 100vw, 1024px\" \/><\/figure>\n\n\n\n<p>Afuera de Palacio Nacional, en el contexto de la conmemoraci\u00f3n del D\u00eda Internacional del Trabajo, centenares de personas se manifestaron para exigir mejores condiciones y respeto a sus derechos laborales, entre ellos, tambi\u00e9n el Frente Nacional por las 40 Horas.<br><\/p>\n\n\n\n<p>Este colectivo expres\u00f3 que todav\u00eda hay una deuda hist\u00f3rica con la clase trabajadora, de ah\u00ed la exigencia de la reducci\u00f3n de la jornada laboral a 40 horas, pero adem\u00e1s el dar dos d\u00edas de descanso por cada cinco laborados.<\/p>\n\n\n\n<figure class=\"wp-block-image size-large\"><img loading=\"lazy\" decoding=\"async\" width=\"1024\" height=\"506\" src=\"https:\/\/elinformante.mx\/wp-content\/uploads\/2025\/05\/9jornada-3-1024x506.jpg\" alt=\"\" class=\"wp-image-82405\" srcset=\"https:\/\/elinformante.mx\/wp-content\/uploads\/2025\/05\/9jornada-3-1024x506.jpg 1024w, https:\/\/elinformante.mx\/wp-content\/uploads\/2025\/05\/9jornada-3-300x148.jpg 300w, https:\/\/elinformante.mx\/wp-content\/uploads\/2025\/05\/9jornada-3-768x379.jpg 768w, https:\/\/elinformante.mx\/wp-content\/uploads\/2025\/05\/9jornada-3.jpg 1140w\" sizes=\"(max-width: 1024px) 100vw, 1024px\" \/><\/figure>\n","protected":false},"excerpt":{"rendered":"<p>El titular de STPS, Marath Bola\u00f1os, se\u00f1al\u00f3 que esta implementaci\u00f3n ser\u00e1 gradual a fin de que a m\u00e1s tardar en enero de 2030 todos los trabajadores laboren 40 horas a la semana. Fue este 1 de mayo, D\u00eda del Trabajo, cuando el titular de la Secretar\u00eda del Trabajo y Previsi\u00f3n Social (STPS), Marath Bola\u00f1os, dio [&hellip;]<\/p>\n","protected":false},"author":1,"featured_media":82400,"comment_status":"closed","ping_status":"closed","sticky":false,"template":"","format":"standard","meta":{"footnotes":""},"categories":[30,34,31],"tags":[47],"class_list":["post-82399","post","type-post","status-publish","format-standard","has-post-thumbnail","hentry","category-destacado","category-nacional","category-portada","tag-portadanacional"],"_links":{"self":[{"href":"https:\/\/elinformante.mx\/index.php?rest_route=\/wp\/v2\/posts\/82399","targetHints":{"allow":["GET"]}}],"collection":[{"href":"https:\/\/elinformante.mx\/index.php?rest_route=\/wp\/v2\/posts"}],"about":[{"href":"https:\/\/elinformante.mx\/index.php?rest_route=\/wp\/v2\/types\/post"}],"author":[{"embeddable":true,"href":"https:\/\/elinformante.mx\/index.php?rest_route=\/wp\/v2\/users\/1"}],"replies":[{"embeddable":true,"href":"https:\/\/elinformante.mx\/index.php?rest_route=%2Fwp%2Fv2%2Fcomments&post=82399"}],"version-history":[{"count":0,"href":"https:\/\/elinformante.mx\/index.php?rest_route=\/wp\/v2\/posts\/82399\/revisions"}],"wp:featuredmedia":[{"embeddable":true,"href":"https:\/\/elinformante.mx\/index.php?rest_route=\/wp\/v2\/media\/82400"}],"wp:attachment":[{"href":"https:\/\/elinformante.mx\/index.php?rest_route=%2Fwp%2Fv2%2Fmedia&parent=82399"}],"wp:term":[{"taxonomy":"category","embeddable":true,"href":"https:\/\/elinformante.mx\/index.php?rest_route=%2Fwp%2Fv2%2Fcategories&post=82399"},{"taxonomy":"post_tag","embeddable":true,"href":"https:\/\/elinformante.mx\/index.php?rest_route=%2Fwp%2Fv2%2Ftags&post=82399"}],"curies":[{"name":"wp","href":"https:\/\/api.w.org\/{rel}","templated":true}]}}