{"id":82410,"date":"2025-05-02T16:09:24","date_gmt":"2025-05-02T22:09:24","guid":{"rendered":"https:\/\/elinformante.mx\/?p=82410"},"modified":"2025-05-02T16:09:25","modified_gmt":"2025-05-02T22:09:25","slug":"sheinbaum-asegura-que-autopartes-mexicanas-no-pagan-aranceles-en-eu","status":"publish","type":"post","link":"https:\/\/elinformante.mx\/?p=82410","title":{"rendered":"SHEINBAUM ASEGURA QUE AUTOPARTES MEXICANAS NO PAGAN ARANCELES EN EU"},"content":{"rendered":"\n<p>En la conferencia matutina de este d\u00eda, la presidenta de M\u00e9xico, Claudia Sheinbaum Pardo, indic\u00f3 que las autopartes producidas en M\u00e9xico no contar\u00e1n con aranceles para entrar a EU.<\/p>\n\n\n\n<p>Sheinbaum, indic\u00f3 \u201cLas autopartes que se producen en M\u00e9xico tienen cero aranceles. Esto es muy importante para M\u00e9xico, una muy buena noticia\u201d.<\/p>\n","protected":false},"excerpt":{"rendered":"<p>En la conferencia matutina de este d\u00eda, la presidenta de M\u00e9xico, Claudia Sheinbaum Pardo, indic\u00f3 que las autopartes producidas en M\u00e9xico no contar\u00e1n con aranceles para entrar a EU. Sheinbaum, indic\u00f3 \u201cLas autopartes que se producen en M\u00e9xico tienen cero aranceles. Esto es muy importante para M\u00e9xico, una muy buena noticia\u201d.<\/p>\n","protected":false},"author":2,"featured_media":82411,"comment_status":"closed","ping_status":"closed","sticky":false,"template":"","format":"standard","meta":{"footnotes":""},"categories":[33,34],"tags":[],"class_list":["post-82410","post","type-post","status-publish","format-standard","has-post-thumbnail","hentry","category-mundo","category-nacional"],"_links":{"self":[{"href":"https:\/\/elinformante.mx\/index.php?rest_route=\/wp\/v2\/posts\/82410","targetHints":{"allow":["GET"]}}],"collection":[{"href":"https:\/\/elinformante.mx\/index.php?rest_route=\/wp\/v2\/posts"}],"about":[{"href":"https:\/\/elinformante.mx\/index.php?rest_route=\/wp\/v2\/types\/post"}],"author":[{"embeddable":true,"href":"https:\/\/elinformante.mx\/index.php?rest_route=\/wp\/v2\/users\/2"}],"replies":[{"embeddable":true,"href":"https:\/\/elinformante.mx\/index.php?rest_route=%2Fwp%2Fv2%2Fcomments&post=82410"}],"version-history":[{"count":0,"href":"https:\/\/elinformante.mx\/index.php?rest_route=\/wp\/v2\/posts\/82410\/revisions"}],"wp:featuredmedia":[{"embeddable":true,"href":"https:\/\/elinformante.mx\/index.php?rest_route=\/wp\/v2\/media\/82411"}],"wp:attachment":[{"href":"https:\/\/elinformante.mx\/index.php?rest_route=%2Fwp%2Fv2%2Fmedia&parent=82410"}],"wp:term":[{"taxonomy":"category","embeddable":true,"href":"https:\/\/elinformante.mx\/index.php?rest_route=%2Fwp%2Fv2%2Fcategories&post=82410"},{"taxonomy":"post_tag","embeddable":true,"href":"https:\/\/elinformante.mx\/index.php?rest_route=%2Fwp%2Fv2%2Ftags&post=82410"}],"curies":[{"name":"wp","href":"https:\/\/api.w.org\/{rel}","templated":true}]}}