{"id":82416,"date":"2025-05-02T16:14:25","date_gmt":"2025-05-02T22:14:25","guid":{"rendered":"https:\/\/elinformante.mx\/?p=82416"},"modified":"2025-05-02T16:14:27","modified_gmt":"2025-05-02T22:14:27","slug":"padre-e-hijo-detenidos-por-narcomenudeo","status":"publish","type":"post","link":"https:\/\/elinformante.mx\/?p=82416","title":{"rendered":"PADRE E HIJO DETENIDOS POR NARCOMENUDEO"},"content":{"rendered":"\n<p>Padre e hijo fueron capturados por la Polic\u00eda de Investigaci\u00f3n de la Fiscal\u00eda General de Justicia de la Ciudad de M\u00e9xico (FGJCMDX) tras un cateo en la colonia Alfonso XIII, alcald\u00eda \u00c1lvaro Obreg\u00f3n, CDMX. Se presume que ambos operaban para el grupo delictivo conocido como &#8220;Los Canchola&#8221; y se dedicaban al narcomenudeo en la zona.<\/p>\n\n\n\n<p>Durante el operativo, las autoridades lograron incautar aproximadamente 100 dosis de diversas drogas.<\/p>\n","protected":false},"excerpt":{"rendered":"<p>Padre e hijo fueron capturados por la Polic\u00eda de Investigaci\u00f3n de la Fiscal\u00eda General de Justicia de la Ciudad de M\u00e9xico (FGJCMDX) tras un cateo en la colonia Alfonso XIII, alcald\u00eda \u00c1lvaro Obreg\u00f3n, CDMX. Se presume que ambos operaban para el grupo delictivo conocido como &#8220;Los Canchola&#8221; y se dedicaban al narcomenudeo en la zona. [&hellip;]<\/p>\n","protected":false},"author":2,"featured_media":82417,"comment_status":"closed","ping_status":"closed","sticky":false,"template":"","format":"standard","meta":{"footnotes":""},"categories":[35],"tags":[],"class_list":["post-82416","post","type-post","status-publish","format-standard","has-post-thumbnail","hentry","category-cdmx"],"_links":{"self":[{"href":"https:\/\/elinformante.mx\/index.php?rest_route=\/wp\/v2\/posts\/82416","targetHints":{"allow":["GET"]}}],"collection":[{"href":"https:\/\/elinformante.mx\/index.php?rest_route=\/wp\/v2\/posts"}],"about":[{"href":"https:\/\/elinformante.mx\/index.php?rest_route=\/wp\/v2\/types\/post"}],"author":[{"embeddable":true,"href":"https:\/\/elinformante.mx\/index.php?rest_route=\/wp\/v2\/users\/2"}],"replies":[{"embeddable":true,"href":"https:\/\/elinformante.mx\/index.php?rest_route=%2Fwp%2Fv2%2Fcomments&post=82416"}],"version-history":[{"count":0,"href":"https:\/\/elinformante.mx\/index.php?rest_route=\/wp\/v2\/posts\/82416\/revisions"}],"wp:featuredmedia":[{"embeddable":true,"href":"https:\/\/elinformante.mx\/index.php?rest_route=\/wp\/v2\/media\/82417"}],"wp:attachment":[{"href":"https:\/\/elinformante.mx\/index.php?rest_route=%2Fwp%2Fv2%2Fmedia&parent=82416"}],"wp:term":[{"taxonomy":"category","embeddable":true,"href":"https:\/\/elinformante.mx\/index.php?rest_route=%2Fwp%2Fv2%2Fcategories&post=82416"},{"taxonomy":"post_tag","embeddable":true,"href":"https:\/\/elinformante.mx\/index.php?rest_route=%2Fwp%2Fv2%2Ftags&post=82416"}],"curies":[{"name":"wp","href":"https:\/\/api.w.org\/{rel}","templated":true}]}}