{"id":82423,"date":"2025-05-05T15:44:47","date_gmt":"2025-05-05T21:44:47","guid":{"rendered":"https:\/\/elinformante.mx\/?p=82423"},"modified":"2025-05-06T05:02:06","modified_gmt":"2025-05-06T11:02:06","slug":"sheinbaum-evita-contestar-a-trump","status":"publish","type":"post","link":"https:\/\/elinformante.mx\/?p=82423","title":{"rendered":"SHEINBAUM EVITA CONTESTAR A TRUMP"},"content":{"rendered":"\n<p>Este d\u00eda, la presidenta de M\u00e9xico, Claudia Sheinbaum, indic\u00f3 que el presente y futuro de M\u00e9xico es el de ser una naci\u00f3n libre, soberana e independiente, esto durante su mensaje por el 163 aniversario de la Batalla de Puebla.<\/p>\n\n\n\n<p>Sheinbaum, mencion\u00f3 \u201cNo quisiera yo que ahora viene una declaraci\u00f3n m\u00eda y sale en el peri\u00f3dico, para qu\u00e9 generar un desencuentro. Lo que yo dije el s\u00e1bado es que en una llamada, m\u00e1s que como un amago, el presidente Trump dijo que quer\u00eda ayudar a M\u00e9xico, mandar tropas si es que lo necesitan le dije no presiente Trump eso no\u201d.<\/p>\n","protected":false},"excerpt":{"rendered":"<p>Este d\u00eda, la presidenta de M\u00e9xico, Claudia Sheinbaum, indic\u00f3 que el presente y futuro de M\u00e9xico es el de ser una naci\u00f3n libre, soberana e independiente, esto durante su mensaje por el 163 aniversario de la Batalla de Puebla. Sheinbaum, mencion\u00f3 \u201cNo quisiera yo que ahora viene una declaraci\u00f3n m\u00eda y sale en el peri\u00f3dico, [&hellip;]<\/p>\n","protected":false},"author":2,"featured_media":82424,"comment_status":"closed","ping_status":"closed","sticky":false,"template":"","format":"standard","meta":{"footnotes":""},"categories":[33,34],"tags":[],"class_list":["post-82423","post","type-post","status-publish","format-standard","has-post-thumbnail","hentry","category-mundo","category-nacional"],"_links":{"self":[{"href":"https:\/\/elinformante.mx\/index.php?rest_route=\/wp\/v2\/posts\/82423","targetHints":{"allow":["GET"]}}],"collection":[{"href":"https:\/\/elinformante.mx\/index.php?rest_route=\/wp\/v2\/posts"}],"about":[{"href":"https:\/\/elinformante.mx\/index.php?rest_route=\/wp\/v2\/types\/post"}],"author":[{"embeddable":true,"href":"https:\/\/elinformante.mx\/index.php?rest_route=\/wp\/v2\/users\/2"}],"replies":[{"embeddable":true,"href":"https:\/\/elinformante.mx\/index.php?rest_route=%2Fwp%2Fv2%2Fcomments&post=82423"}],"version-history":[{"count":0,"href":"https:\/\/elinformante.mx\/index.php?rest_route=\/wp\/v2\/posts\/82423\/revisions"}],"wp:featuredmedia":[{"embeddable":true,"href":"https:\/\/elinformante.mx\/index.php?rest_route=\/wp\/v2\/media\/82424"}],"wp:attachment":[{"href":"https:\/\/elinformante.mx\/index.php?rest_route=%2Fwp%2Fv2%2Fmedia&parent=82423"}],"wp:term":[{"taxonomy":"category","embeddable":true,"href":"https:\/\/elinformante.mx\/index.php?rest_route=%2Fwp%2Fv2%2Fcategories&post=82423"},{"taxonomy":"post_tag","embeddable":true,"href":"https:\/\/elinformante.mx\/index.php?rest_route=%2Fwp%2Fv2%2Ftags&post=82423"}],"curies":[{"name":"wp","href":"https:\/\/api.w.org\/{rel}","templated":true}]}}