{"id":82426,"date":"2025-05-05T15:46:33","date_gmt":"2025-05-05T21:46:33","guid":{"rendered":"https:\/\/elinformante.mx\/?p=82426"},"modified":"2025-05-06T05:02:05","modified_gmt":"2025-05-06T11:02:05","slug":"zedillo-acusa-a-morena-de-golpe-de-estado","status":"publish","type":"post","link":"https:\/\/elinformante.mx\/?p=82426","title":{"rendered":"ZEDILLO ACUSA A MORENA DE \u201cGOLPE DE ESTADO\u201d"},"content":{"rendered":"\n<p>El expresidente de M\u00e9xico, Ernesto Zedillo, critic\u00f3 al actual gobierno de M\u00e9xico, indic\u00f3 que el movimiento encabezado por Morena ha comenzado un proceso de desmantelamiento democr\u00e1tico.<\/p>\n\n\n\n<p>Zedillo, indic\u00f3 que desde el sexenio anterior se han tomado decisiones que buscan debilitar el sistema institucional del pa\u00eds.<\/p>\n\n\n\n<p>Tambi\u00e9n, se\u00f1al\u00f3 \u201cLa funci\u00f3n de un presidente no es ser popular, sino servir a la naci\u00f3n, democr\u00e1ticamente. No ser parte de un proyecto que claramente es de destrucci\u00f3n democr\u00e1tica\u201d, esto es claramente una cr\u00edtica a Claudia Sheinbaum Pardo.<\/p>\n","protected":false},"excerpt":{"rendered":"<p>El expresidente de M\u00e9xico, Ernesto Zedillo, critic\u00f3 al actual gobierno de M\u00e9xico, indic\u00f3 que el movimiento encabezado por Morena ha comenzado un proceso de desmantelamiento democr\u00e1tico. Zedillo, indic\u00f3 que desde el sexenio anterior se han tomado decisiones que buscan debilitar el sistema institucional del pa\u00eds. Tambi\u00e9n, se\u00f1al\u00f3 \u201cLa funci\u00f3n de un presidente no es ser [&hellip;]<\/p>\n","protected":false},"author":2,"featured_media":82427,"comment_status":"closed","ping_status":"closed","sticky":false,"template":"","format":"standard","meta":{"footnotes":""},"categories":[34],"tags":[],"class_list":["post-82426","post","type-post","status-publish","format-standard","has-post-thumbnail","hentry","category-nacional"],"_links":{"self":[{"href":"https:\/\/elinformante.mx\/index.php?rest_route=\/wp\/v2\/posts\/82426","targetHints":{"allow":["GET"]}}],"collection":[{"href":"https:\/\/elinformante.mx\/index.php?rest_route=\/wp\/v2\/posts"}],"about":[{"href":"https:\/\/elinformante.mx\/index.php?rest_route=\/wp\/v2\/types\/post"}],"author":[{"embeddable":true,"href":"https:\/\/elinformante.mx\/index.php?rest_route=\/wp\/v2\/users\/2"}],"replies":[{"embeddable":true,"href":"https:\/\/elinformante.mx\/index.php?rest_route=%2Fwp%2Fv2%2Fcomments&post=82426"}],"version-history":[{"count":0,"href":"https:\/\/elinformante.mx\/index.php?rest_route=\/wp\/v2\/posts\/82426\/revisions"}],"wp:featuredmedia":[{"embeddable":true,"href":"https:\/\/elinformante.mx\/index.php?rest_route=\/wp\/v2\/media\/82427"}],"wp:attachment":[{"href":"https:\/\/elinformante.mx\/index.php?rest_route=%2Fwp%2Fv2%2Fmedia&parent=82426"}],"wp:term":[{"taxonomy":"category","embeddable":true,"href":"https:\/\/elinformante.mx\/index.php?rest_route=%2Fwp%2Fv2%2Fcategories&post=82426"},{"taxonomy":"post_tag","embeddable":true,"href":"https:\/\/elinformante.mx\/index.php?rest_route=%2Fwp%2Fv2%2Ftags&post=82426"}],"curies":[{"name":"wp","href":"https:\/\/api.w.org\/{rel}","templated":true}]}}