{"id":82438,"date":"2025-05-05T17:18:56","date_gmt":"2025-05-05T23:18:56","guid":{"rendered":"https:\/\/elinformante.mx\/?p=82438"},"modified":"2025-05-06T05:02:02","modified_gmt":"2025-05-06T11:02:02","slug":"gobernadora-delfina-gomez-conmemora-aniversario-de-la-batalla-de-puebla-en-la-22-a-zona-militar","status":"publish","type":"post","link":"https:\/\/elinformante.mx\/?p=82438","title":{"rendered":"GOBERNADORA DELFINA G\u00d3MEZ CONMEMORA ANIVERSARIO DE LA BATALLA DE PUEBLA EN LA 22\/A ZONA MILITAR"},"content":{"rendered":"\n<p>La Gobernadora Delfina G\u00f3mez \u00c1lvarez encabez\u00f3 este lunes la ceremonia conmemorativa por el 163 aniversario de la Batalla de Puebla en las instalaciones de la 22\/a Zona Militar, en el municipio de Santa Mar\u00eda Ray\u00f3n, Estado de M\u00e9xico.<\/p>\n\n\n\n<p>Como parte de su agenda, la mandataria estatal tambi\u00e9n presidi\u00f3 la Mesa de Coordinaci\u00f3n para la Construcci\u00f3n de la Paz, donde destac\u00f3 la colaboraci\u00f3n con las Fuerzas Armadas como pieza clave en los esfuerzos de seguridad en la entidad.<\/p>\n\n\n\n<p>Durante el evento c\u00edvico, se realiz\u00f3 un enlace en vivo con la ceremonia encabezada por la Presidenta de M\u00e9xico, Claudia Sheinbaum Pardo, quien tom\u00f3 protesta de bandera a soldados del Servicio Militar Nacional clase 2006 y a mujeres voluntarias.<\/p>\n\n\n\n<p>En su intervenci\u00f3n, la Gobernadora resalt\u00f3 la importancia de mantener viva la memoria hist\u00f3rica para fortalecer los valores patri\u00f3ticos entre las nuevas generaciones. \u201cRecordar nuestra historia es esencial para fortalecer el amor a la patria en las y los j\u00f3venes\u201d, afirm\u00f3.<\/p>\n\n\n\n<p>Por su parte, el Coronel Juan Manuel Becerra Mata, Comandante del 25\/o Batall\u00f3n de Infanter\u00eda, subray\u00f3 el legado de la Batalla de Puebla como una muestra de que los mexicanos pueden superar cualquier adversidad.<\/p>\n\n\n\n<p>Tambi\u00e9n participaron en el acto diversos funcionarios estatales y mandos militares, quienes coincidieron en la relevancia de rendir homenaje a uno de los momentos m\u00e1s significativos en la historia nacional.<\/p>\n","protected":false},"excerpt":{"rendered":"<p>La Gobernadora Delfina G\u00f3mez \u00c1lvarez encabez\u00f3 este lunes la ceremonia conmemorativa por el 163 aniversario de la Batalla de Puebla en las instalaciones de la 22\/a Zona Militar, en el municipio de Santa Mar\u00eda Ray\u00f3n, Estado de M\u00e9xico. Como parte de su agenda, la mandataria estatal tambi\u00e9n presidi\u00f3 la Mesa de Coordinaci\u00f3n para la Construcci\u00f3n [&hellip;]<\/p>\n","protected":false},"author":2,"featured_media":82439,"comment_status":"closed","ping_status":"closed","sticky":false,"template":"","format":"standard","meta":{"footnotes":""},"categories":[36],"tags":[],"class_list":["post-82438","post","type-post","status-publish","format-standard","has-post-thumbnail","hentry","category-edomex"],"_links":{"self":[{"href":"https:\/\/elinformante.mx\/index.php?rest_route=\/wp\/v2\/posts\/82438","targetHints":{"allow":["GET"]}}],"collection":[{"href":"https:\/\/elinformante.mx\/index.php?rest_route=\/wp\/v2\/posts"}],"about":[{"href":"https:\/\/elinformante.mx\/index.php?rest_route=\/wp\/v2\/types\/post"}],"author":[{"embeddable":true,"href":"https:\/\/elinformante.mx\/index.php?rest_route=\/wp\/v2\/users\/2"}],"replies":[{"embeddable":true,"href":"https:\/\/elinformante.mx\/index.php?rest_route=%2Fwp%2Fv2%2Fcomments&post=82438"}],"version-history":[{"count":0,"href":"https:\/\/elinformante.mx\/index.php?rest_route=\/wp\/v2\/posts\/82438\/revisions"}],"wp:featuredmedia":[{"embeddable":true,"href":"https:\/\/elinformante.mx\/index.php?rest_route=\/wp\/v2\/media\/82439"}],"wp:attachment":[{"href":"https:\/\/elinformante.mx\/index.php?rest_route=%2Fwp%2Fv2%2Fmedia&parent=82438"}],"wp:term":[{"taxonomy":"category","embeddable":true,"href":"https:\/\/elinformante.mx\/index.php?rest_route=%2Fwp%2Fv2%2Fcategories&post=82438"},{"taxonomy":"post_tag","embeddable":true,"href":"https:\/\/elinformante.mx\/index.php?rest_route=%2Fwp%2Fv2%2Ftags&post=82438"}],"curies":[{"name":"wp","href":"https:\/\/api.w.org\/{rel}","templated":true}]}}