{"id":82450,"date":"2025-05-06T05:56:53","date_gmt":"2025-05-06T11:56:53","guid":{"rendered":"https:\/\/elinformante.mx\/?p=82450"},"modified":"2025-05-06T05:56:56","modified_gmt":"2025-05-06T11:56:56","slug":"se-celebro-la-met-gala-2025-en-la-ciudad-de-new-york","status":"publish","type":"post","link":"https:\/\/elinformante.mx\/?p=82450","title":{"rendered":"Se celebr\u00f3 la Met Gala 2025 en la Ciudad de New York"},"content":{"rendered":"\n<figure class=\"wp-block-pullquote\"><blockquote><p>Esta ocasi\u00f3n la tem\u00e1tica fue \u201cSuperfino: Sastrer\u00eda con estilo negro\u201d.<\/p><\/blockquote><\/figure>\n\n\n\n<p class=\"has-drop-cap\">Por fin se celebr\u00f3 la noche donde la moda es el punto central y marca tendencias, el mundo del espect\u00e1culo y la moda convergen en este maravilloso y a veces raro mundo.<br><\/p>\n\n\n\n<figure class=\"wp-block-image size-large\"><img fetchpriority=\"high\" decoding=\"async\" width=\"1024\" height=\"506\" src=\"https:\/\/elinformante.mx\/wp-content\/uploads\/2025\/05\/15met-2-1024x506.jpg\" alt=\"\" class=\"wp-image-82452\" srcset=\"https:\/\/elinformante.mx\/wp-content\/uploads\/2025\/05\/15met-2-1024x506.jpg 1024w, https:\/\/elinformante.mx\/wp-content\/uploads\/2025\/05\/15met-2-300x148.jpg 300w, https:\/\/elinformante.mx\/wp-content\/uploads\/2025\/05\/15met-2-768x379.jpg 768w, https:\/\/elinformante.mx\/wp-content\/uploads\/2025\/05\/15met-2.jpg 1140w\" sizes=\"(max-width: 1024px) 100vw, 1024px\" \/><\/figure>\n\n\n\n<p>La Met Gala 2025 fue una noche que sorprendi\u00f3 a muchos, desde looks cl\u00e1sicos hasta los m\u00e1s extravagantes y extra\u00f1os.<br><\/p>\n\n\n\n<p>El tema para este a\u00f1o giro con el tema: \u201cSuperfino: Sastrer\u00eda con estilo negro\u201d. Dise\u00f1adores, celebridades y las figuras m\u00e1s destacadas de la industria impresionaron con sus atuendos en la alfombra roja del Museo Metropolitano de Nueva York.<br><\/p>\n\n\n\n<figure class=\"wp-block-image size-large\"><img decoding=\"async\" width=\"1024\" height=\"506\" src=\"https:\/\/elinformante.mx\/wp-content\/uploads\/2025\/05\/15met-5-1024x506.jpg\" alt=\"\" class=\"wp-image-82453\" srcset=\"https:\/\/elinformante.mx\/wp-content\/uploads\/2025\/05\/15met-5-1024x506.jpg 1024w, https:\/\/elinformante.mx\/wp-content\/uploads\/2025\/05\/15met-5-300x148.jpg 300w, https:\/\/elinformante.mx\/wp-content\/uploads\/2025\/05\/15met-5-768x379.jpg 768w, https:\/\/elinformante.mx\/wp-content\/uploads\/2025\/05\/15met-5.jpg 1140w\" sizes=\"(max-width: 1024px) 100vw, 1024px\" \/><\/figure>\n\n\n\n<p>Las ic\u00f3nicas estrellas fueron llegando al evento de alfombra roja para el cual muchos de ellos habr\u00e1n guardado sus looks m\u00e1s audaces y teatrales. La lista de invitados fue de alrededor de 450 asistentes, tambi\u00e9n es singularmente exclusiva. La recaudaci\u00f3n de fondos anual tambi\u00e9n re\u00fane a creadores de tendencias de los mundos del deporte, las artes y el entretenimiento.<br><\/p>\n\n\n\n<p>El Met dice que su tema anual est\u00e1 dise\u00f1ado para proporcionar orientaci\u00f3n e invitar a la interpretaci\u00f3n creativa. Como tal, los observadores de la moda no solo esperar\u00e1n muchos gui\u00f1os a los trajes y la moda masculina, sino tambi\u00e9n homenajes a los \u00edconos de la moda negra, dise\u00f1adores y dandis que datan del siglo XVIII.<\/p>\n\n\n\n<figure class=\"wp-block-image size-large\"><img decoding=\"async\" width=\"1024\" height=\"506\" src=\"https:\/\/elinformante.mx\/wp-content\/uploads\/2025\/05\/15met-10-1024x506.jpg\" alt=\"\" class=\"wp-image-82454\" srcset=\"https:\/\/elinformante.mx\/wp-content\/uploads\/2025\/05\/15met-10-1024x506.jpg 1024w, https:\/\/elinformante.mx\/wp-content\/uploads\/2025\/05\/15met-10-300x148.jpg 300w, https:\/\/elinformante.mx\/wp-content\/uploads\/2025\/05\/15met-10-768x379.jpg 768w, https:\/\/elinformante.mx\/wp-content\/uploads\/2025\/05\/15met-10.jpg 1140w\" sizes=\"(max-width: 1024px) 100vw, 1024px\" \/><\/figure>\n","protected":false},"excerpt":{"rendered":"<p>Esta ocasi\u00f3n la tem\u00e1tica fue \u201cSuperfino: Sastrer\u00eda con estilo negro\u201d. Por fin se celebr\u00f3 la noche donde la moda es el punto central y marca tendencias, el mundo del espect\u00e1culo y la moda convergen en este maravilloso y a veces raro mundo. La Met Gala 2025 fue una noche que sorprendi\u00f3 a muchos, desde looks [&hellip;]<\/p>\n","protected":false},"author":1,"featured_media":82451,"comment_status":"closed","ping_status":"closed","sticky":false,"template":"","format":"standard","meta":{"footnotes":""},"categories":[30,39],"tags":[],"class_list":["post-82450","post","type-post","status-publish","format-standard","has-post-thumbnail","hentry","category-destacado","category-espectaculos"],"_links":{"self":[{"href":"https:\/\/elinformante.mx\/index.php?rest_route=\/wp\/v2\/posts\/82450","targetHints":{"allow":["GET"]}}],"collection":[{"href":"https:\/\/elinformante.mx\/index.php?rest_route=\/wp\/v2\/posts"}],"about":[{"href":"https:\/\/elinformante.mx\/index.php?rest_route=\/wp\/v2\/types\/post"}],"author":[{"embeddable":true,"href":"https:\/\/elinformante.mx\/index.php?rest_route=\/wp\/v2\/users\/1"}],"replies":[{"embeddable":true,"href":"https:\/\/elinformante.mx\/index.php?rest_route=%2Fwp%2Fv2%2Fcomments&post=82450"}],"version-history":[{"count":0,"href":"https:\/\/elinformante.mx\/index.php?rest_route=\/wp\/v2\/posts\/82450\/revisions"}],"wp:featuredmedia":[{"embeddable":true,"href":"https:\/\/elinformante.mx\/index.php?rest_route=\/wp\/v2\/media\/82451"}],"wp:attachment":[{"href":"https:\/\/elinformante.mx\/index.php?rest_route=%2Fwp%2Fv2%2Fmedia&parent=82450"}],"wp:term":[{"taxonomy":"category","embeddable":true,"href":"https:\/\/elinformante.mx\/index.php?rest_route=%2Fwp%2Fv2%2Fcategories&post=82450"},{"taxonomy":"post_tag","embeddable":true,"href":"https:\/\/elinformante.mx\/index.php?rest_route=%2Fwp%2Fv2%2Ftags&post=82450"}],"curies":[{"name":"wp","href":"https:\/\/api.w.org\/{rel}","templated":true}]}}