{"id":82459,"date":"2025-05-06T05:58:58","date_gmt":"2025-05-06T11:58:58","guid":{"rendered":"https:\/\/elinformante.mx\/?p=82459"},"modified":"2025-05-06T05:59:02","modified_gmt":"2025-05-06T11:59:02","slug":"verstappen-hace-berrinche-despues-de-ser-desestimada-su-protesta","status":"publish","type":"post","link":"https:\/\/elinformante.mx\/?p=82459","title":{"rendered":"Verstappen hace berrinche despu\u00e9s de ser desestimada su protesta"},"content":{"rendered":"\n<figure class=\"wp-block-pullquote\"><blockquote><p>El piloto y actual campe\u00f3n de la F1 termin\u00f3 cuarto lugar en una temporada visiblemente complicada para la escuder\u00eda Red Bull.<\/p><\/blockquote><\/figure>\n\n\n\n<p class=\"has-drop-cap\">Tras finalizar en cuatro lugar, el tetracampe\u00f3n neerland\u00e9s, Max Verstappen, acus\u00f3 al piloto brit\u00e1nico George Russell de no respetar los l\u00edmites de velocidad, pero mantuvo el tercer lugar para Mercedes en el Gran Premio de Miami 2025, despu\u00e9s de que los comisarios de la F\u00f3rmula 1 rechazaron la protesta de Red Bull. Oscar Piastri de McLaren gan\u00f3 la carrera, por delante de su compa\u00f1ero de equipo Lando Norris. Tras ser rechazada la protesta de Red Bull, los delegados declararon que era infundada, tomando en cuenta que, una penalizaci\u00f3n de cinco segundos a Russsell ascender\u00eda a Verstappen al podio.<br><\/p>\n\n\n\n<p>Pero el se\u00f1alamiento de Red Bull era de que Russell no hab\u00eda disminuido la velocidad cuando ondearon banderas amarillas durante un per\u00edodo de en el que el Virtual Safety Car hizo su aparici\u00f3n tras el abandono del brasile\u00f1o Gabriel Bortoletto (Sauber).<br><\/p>\n\n\n\n<p>\u201cHemos registrado una protesta ante la FIA con respecto a George Russell\u201d, dijo a los periodistas el jefe de Red Bull, Christian Horner.<br><\/p>\n\n\n\n<p>Afirmaron que en el GPS observaron de manera clara que no redujo la velocidad: \u201cy el reglamento es bastante claro en que tiene que haber una reducci\u00f3n de velocidad. El coche sigui\u00f3 acelerando, aunque a un ritmo m\u00e1s lento de lo normal\u201d, agreg\u00f3.<br><\/p>\n\n\n\n<p>Finalmente, los comisarios dijeron en un comunicado que las im\u00e1genes a bordo y la telemetr\u00eda mostraron que Russell hab\u00eda levantado el acelerador aproximadamente un 25% al pasar la zona de bandera amarilla, por lo que la protesta no procedi\u00f3 y Red Bull perdi\u00f3 el dep\u00f3sito en garant\u00eda que pag\u00f3 y que deben hacer los equipos, en este caso por no resultar favorable el reclamo.<\/p>\n","protected":false},"excerpt":{"rendered":"<p>El piloto y actual campe\u00f3n de la F1 termin\u00f3 cuarto lugar en una temporada visiblemente complicada para la escuder\u00eda Red Bull. Tras finalizar en cuatro lugar, el tetracampe\u00f3n neerland\u00e9s, Max Verstappen, acus\u00f3 al piloto brit\u00e1nico George Russell de no respetar los l\u00edmites de velocidad, pero mantuvo el tercer lugar para Mercedes en el Gran Premio [&hellip;]<\/p>\n","protected":false},"author":1,"featured_media":82460,"comment_status":"closed","ping_status":"closed","sticky":false,"template":"","format":"standard","meta":{"footnotes":""},"categories":[38,30],"tags":[],"class_list":["post-82459","post","type-post","status-publish","format-standard","has-post-thumbnail","hentry","category-deportes","category-destacado"],"_links":{"self":[{"href":"https:\/\/elinformante.mx\/index.php?rest_route=\/wp\/v2\/posts\/82459","targetHints":{"allow":["GET"]}}],"collection":[{"href":"https:\/\/elinformante.mx\/index.php?rest_route=\/wp\/v2\/posts"}],"about":[{"href":"https:\/\/elinformante.mx\/index.php?rest_route=\/wp\/v2\/types\/post"}],"author":[{"embeddable":true,"href":"https:\/\/elinformante.mx\/index.php?rest_route=\/wp\/v2\/users\/1"}],"replies":[{"embeddable":true,"href":"https:\/\/elinformante.mx\/index.php?rest_route=%2Fwp%2Fv2%2Fcomments&post=82459"}],"version-history":[{"count":0,"href":"https:\/\/elinformante.mx\/index.php?rest_route=\/wp\/v2\/posts\/82459\/revisions"}],"wp:featuredmedia":[{"embeddable":true,"href":"https:\/\/elinformante.mx\/index.php?rest_route=\/wp\/v2\/media\/82460"}],"wp:attachment":[{"href":"https:\/\/elinformante.mx\/index.php?rest_route=%2Fwp%2Fv2%2Fmedia&parent=82459"}],"wp:term":[{"taxonomy":"category","embeddable":true,"href":"https:\/\/elinformante.mx\/index.php?rest_route=%2Fwp%2Fv2%2Fcategories&post=82459"},{"taxonomy":"post_tag","embeddable":true,"href":"https:\/\/elinformante.mx\/index.php?rest_route=%2Fwp%2Fv2%2Ftags&post=82459"}],"curies":[{"name":"wp","href":"https:\/\/api.w.org\/{rel}","templated":true}]}}