{"id":82462,"date":"2025-05-06T06:01:11","date_gmt":"2025-05-06T12:01:11","guid":{"rendered":"https:\/\/elinformante.mx\/?p=82462"},"modified":"2025-05-06T06:01:13","modified_gmt":"2025-05-06T12:01:13","slug":"dan-48-anos-de-prision-a-sujeto-por-robo-con-violencia-y-asesinato-de-una-mujer-en-tlalnepantla","status":"publish","type":"post","link":"https:\/\/elinformante.mx\/?p=82462","title":{"rendered":"Dan 48 a\u00f1os de prisi\u00f3n a sujeto por robo con violencia y asesinato de una mujer en Tlalnepantla"},"content":{"rendered":"\n<figure class=\"wp-block-pullquote\"><blockquote><p>Fue detenido y presentado ante el Ministerio P\u00fablico para ser ingresado al Centro Penitenciario y de Reinserci\u00f3n Social de Tlalnepantla<\/p><\/blockquote><\/figure>\n\n\n\n<p class=\"has-drop-cap\">La Fiscal\u00eda General de Justicia del Estado de M\u00e9xico (FGJEM), logr\u00f3 que Jos\u00e9 Rodrigo Castro Rubio fuera sentenciado a 48 a\u00f1os de prisi\u00f3n y 4 meses de prisi\u00f3n por el delito de robo con violencia con la agravante de haber causado la muerte.<br><\/p>\n\n\n\n<p>Tambi\u00e9n estableci\u00f3 una multa de 123 mil 611 pesos, suspendi\u00f3 sus derechos civiles y pol\u00edticos, adem\u00e1s de la reparaci\u00f3n del da\u00f1o moral por la cantidad de 147 mil 365 pesos.<br><\/p>\n\n\n\n<p>La investigaci\u00f3n revel\u00f3 que el 13 de febrero del 2014, la v\u00edctima se encontraba en la calle Raza de Bronce, colonia L\u00e1zaro C\u00e1rdenas, en el municipio de Tlalnepantla, donde fue interceptada por Jos\u00e9 Rodrigo Castro Rubio y dos sujetos m\u00e1s, quienes viajaban de una camioneta de la marca Mazda.<br><\/p>\n\n\n\n<p>Uno de los implicados sac\u00f3 un arma de fuego tipo escuadra con la cual amag\u00f3 a esta persona, en tanto que Jos\u00e9 Rodrigo Castro Rubio lo despoj\u00f3 de pertenencias y dinero. Durante el robo, un implicado deton\u00f3 el arma de fuego en contra de la v\u00edctima, ocasion\u00e1ndole la muerte, posteriormente intentaron huir a bordo del veh\u00edculo Mazda, no obstante, Jos\u00e9 Rodrigo Castro Rubio fue detenido, y presentado ante el Ministerio P\u00fablico para ser ingresado al Centro Penitenciario y de Reinserci\u00f3n Social de Tlalnepantla, a disposici\u00f3n de un Juez, quien, tras proceso legal, le dict\u00f3 esta condena.<\/p>\n","protected":false},"excerpt":{"rendered":"<p>Fue detenido y presentado ante el Ministerio P\u00fablico para ser ingresado al Centro Penitenciario y de Reinserci\u00f3n Social de Tlalnepantla La Fiscal\u00eda General de Justicia del Estado de M\u00e9xico (FGJEM), logr\u00f3 que Jos\u00e9 Rodrigo Castro Rubio fuera sentenciado a 48 a\u00f1os de prisi\u00f3n y 4 meses de prisi\u00f3n por el delito de robo con violencia [&hellip;]<\/p>\n","protected":false},"author":1,"featured_media":82463,"comment_status":"closed","ping_status":"closed","sticky":false,"template":"","format":"standard","meta":{"footnotes":""},"categories":[36,37],"tags":[],"class_list":["post-82462","post","type-post","status-publish","format-standard","has-post-thumbnail","hentry","category-edomex","category-justicia"],"_links":{"self":[{"href":"https:\/\/elinformante.mx\/index.php?rest_route=\/wp\/v2\/posts\/82462","targetHints":{"allow":["GET"]}}],"collection":[{"href":"https:\/\/elinformante.mx\/index.php?rest_route=\/wp\/v2\/posts"}],"about":[{"href":"https:\/\/elinformante.mx\/index.php?rest_route=\/wp\/v2\/types\/post"}],"author":[{"embeddable":true,"href":"https:\/\/elinformante.mx\/index.php?rest_route=\/wp\/v2\/users\/1"}],"replies":[{"embeddable":true,"href":"https:\/\/elinformante.mx\/index.php?rest_route=%2Fwp%2Fv2%2Fcomments&post=82462"}],"version-history":[{"count":0,"href":"https:\/\/elinformante.mx\/index.php?rest_route=\/wp\/v2\/posts\/82462\/revisions"}],"wp:featuredmedia":[{"embeddable":true,"href":"https:\/\/elinformante.mx\/index.php?rest_route=\/wp\/v2\/media\/82463"}],"wp:attachment":[{"href":"https:\/\/elinformante.mx\/index.php?rest_route=%2Fwp%2Fv2%2Fmedia&parent=82462"}],"wp:term":[{"taxonomy":"category","embeddable":true,"href":"https:\/\/elinformante.mx\/index.php?rest_route=%2Fwp%2Fv2%2Fcategories&post=82462"},{"taxonomy":"post_tag","embeddable":true,"href":"https:\/\/elinformante.mx\/index.php?rest_route=%2Fwp%2Fv2%2Ftags&post=82462"}],"curies":[{"name":"wp","href":"https:\/\/api.w.org\/{rel}","templated":true}]}}