{"id":82465,"date":"2025-05-06T06:02:19","date_gmt":"2025-05-06T12:02:19","guid":{"rendered":"https:\/\/elinformante.mx\/?p=82465"},"modified":"2025-05-06T06:02:22","modified_gmt":"2025-05-06T12:02:22","slug":"ingresan-a-penal-al-lider-del-grupo-criminal-los-gastones","status":"publish","type":"post","link":"https:\/\/elinformante.mx\/?p=82465","title":{"rendered":"Ingresan a penal al l\u00edder del grupo criminal \u201cLos Gastones\u201d"},"content":{"rendered":"\n<figure class=\"wp-block-pullquote\"><blockquote><p>Este grupo est\u00e1 relacionado con delitos de extorsi\u00f3n, secuestro, homicidio, robo con violencia, despojo y contra la salud, entre otros, tanto en el Edom\u00e9x y CDMX.<\/p><\/blockquote><\/figure>\n\n\n\n<p class=\"has-drop-cap\">Agentes de la FJGEM ingresaron al Centro Penitenciario y de Reinserci\u00f3n Social de Ecatepec a Brandon Salvador \u201cN\u201d alias \u201cGast\u00f3n\u201d, identificado como l\u00edder de la c\u00e9lula criminal autodenominada \u201cLos Gastones\u201d, la cual tiene presencia en municipios de la zona oriente del Estado de M\u00e9xico y algunas alcald\u00edas de la Ciudad de M\u00e9xico.<br><\/p>\n\n\n\n<p>El sujeto fue detenido hace unos d\u00edas, tras un cateo en municipio de Coacalco, fue localizado en posesi\u00f3n de presuntos narc\u00f3ticos y de aproximadamente 100 mil pesos sin acreditar su leg\u00edtima procedencia, por lo que fue puesto a disposici\u00f3n del Agente del Ministerio P\u00fablico, por delitos flagrantes.<br><\/p>\n\n\n\n<p>Este sujeto era objetivo prioritario en el Edom\u00e9x y la CDMX, al ser considerado generador de violencia en ambas entidades y uno de los l\u00edderes del autodenominado grupo delictivo referido, con presencia en municipios como Chalco y Valle de Chalco, as\u00ed como alcald\u00edas de la CDMX en la misma regi\u00f3n.<br><\/p>\n\n\n\n<p>Actos de investigaci\u00f3n, as\u00ed como informaci\u00f3n aportada por diversas instituciones se\u00f1alan que el grupo delictivo autodenominado \u201cLos Gastones\u201d est\u00e1 relacionado con delitos de extorsi\u00f3n, secuestro, homicidio, robo con violencia, despojo y contra la salud, entre otros.<br><\/p>\n\n\n\n<p>Brandon Salvador \u201cN\u201d, quien adem\u00e1s es investigado por el delito de homicidio en agravio de tres personas, fue puesto a disposici\u00f3n de la Autoridad Judicial al interior del penal de Ecatepec, quien habr\u00e1 de determinar su situaci\u00f3n jur\u00eddica. El detenido debe ser considerado inocente hasta que sea dictada una sentencia condenatoria en su contra.<\/p>\n","protected":false},"excerpt":{"rendered":"<p>Este grupo est\u00e1 relacionado con delitos de extorsi\u00f3n, secuestro, homicidio, robo con violencia, despojo y contra la salud, entre otros, tanto en el Edom\u00e9x y CDMX. Agentes de la FJGEM ingresaron al Centro Penitenciario y de Reinserci\u00f3n Social de Ecatepec a Brandon Salvador \u201cN\u201d alias \u201cGast\u00f3n\u201d, identificado como l\u00edder de la c\u00e9lula criminal autodenominada \u201cLos [&hellip;]<\/p>\n","protected":false},"author":1,"featured_media":82466,"comment_status":"closed","ping_status":"closed","sticky":false,"template":"","format":"standard","meta":{"footnotes":""},"categories":[36,37],"tags":[],"class_list":["post-82465","post","type-post","status-publish","format-standard","has-post-thumbnail","hentry","category-edomex","category-justicia"],"_links":{"self":[{"href":"https:\/\/elinformante.mx\/index.php?rest_route=\/wp\/v2\/posts\/82465","targetHints":{"allow":["GET"]}}],"collection":[{"href":"https:\/\/elinformante.mx\/index.php?rest_route=\/wp\/v2\/posts"}],"about":[{"href":"https:\/\/elinformante.mx\/index.php?rest_route=\/wp\/v2\/types\/post"}],"author":[{"embeddable":true,"href":"https:\/\/elinformante.mx\/index.php?rest_route=\/wp\/v2\/users\/1"}],"replies":[{"embeddable":true,"href":"https:\/\/elinformante.mx\/index.php?rest_route=%2Fwp%2Fv2%2Fcomments&post=82465"}],"version-history":[{"count":0,"href":"https:\/\/elinformante.mx\/index.php?rest_route=\/wp\/v2\/posts\/82465\/revisions"}],"wp:featuredmedia":[{"embeddable":true,"href":"https:\/\/elinformante.mx\/index.php?rest_route=\/wp\/v2\/media\/82466"}],"wp:attachment":[{"href":"https:\/\/elinformante.mx\/index.php?rest_route=%2Fwp%2Fv2%2Fmedia&parent=82465"}],"wp:term":[{"taxonomy":"category","embeddable":true,"href":"https:\/\/elinformante.mx\/index.php?rest_route=%2Fwp%2Fv2%2Fcategories&post=82465"},{"taxonomy":"post_tag","embeddable":true,"href":"https:\/\/elinformante.mx\/index.php?rest_route=%2Fwp%2Fv2%2Ftags&post=82465"}],"curies":[{"name":"wp","href":"https:\/\/api.w.org\/{rel}","templated":true}]}}