{"id":82471,"date":"2025-05-06T06:07:45","date_gmt":"2025-05-06T12:07:45","guid":{"rendered":"https:\/\/elinformante.mx\/?p=82471"},"modified":"2025-05-06T06:07:47","modified_gmt":"2025-05-06T12:07:47","slug":"disfrutaron-miles-de-ninos-y-ninas-toluquenas-de-los-festejos-por-el-dia-del-nino","status":"publish","type":"post","link":"https:\/\/elinformante.mx\/?p=82471","title":{"rendered":"Disfrutaron miles de ni\u00f1os y ni\u00f1as toluque\u00f1as de los festejos por el D\u00eda del Ni\u00f1o"},"content":{"rendered":"\n<figure class=\"wp-block-pullquote\"><blockquote><p>-Debemos mantener viva la tradici\u00f3n de festejar a la ni\u00f1ez y consolidar una sociedad compartida: Ricardo Moreno<br>-El Parque Metropolitano se convirti\u00f3 en el sitio de reuni\u00f3n de infancias y padres, quienes convivieron en armon\u00eda<\/p><\/blockquote><\/figure>\n\n\n\n<p class=\"has-drop-cap\">El Parque Metropolitano se convirti\u00f3 en el sitio donde miles de ni\u00f1os y ni\u00f1as disfrutaron de juegos, convivencia y espect\u00e1culos ofrecidos por el Gobierno Municipal de Toluca que encabeza Ricardo Moreno.<br><\/p>\n\n\n\n<p>En compa\u00f1\u00eda de la Presidenta Honoraria del DIF Toluca, Roc\u00edo Pegueros Vel\u00e1zquez, se dieron inicio a las atracciones de la Feria del D\u00eda del Ni\u00f1o, el Circo de los Gigantes Invisibles, asegurando un d\u00eda lleno de diversi\u00f3n, alegr\u00eda y sorpresas para quienes adem\u00e1s de ser la alegr\u00eda de los hogares son el presente y futuro de la sociedad.<br><\/p>\n\n\n\n<p>Durante el evento, el Presidente Municipal destac\u00f3 la importancia de celebrar valores y principios sociales, pues \u00abno se debi\u00f3 de perder nunca la tradici\u00f3n de festejar a las y los ni\u00f1os, pues estas festividades fortalecen la armon\u00eda y la cohesi\u00f3n que permiten la convivencia arm\u00f3nica entre la poblaci\u00f3n.<br><\/p>\n\n\n\n<figure class=\"wp-block-image size-large\"><img fetchpriority=\"high\" decoding=\"async\" width=\"1024\" height=\"506\" src=\"https:\/\/elinformante.mx\/wp-content\/uploads\/2025\/05\/12disfrutaron-2-1024x506.jpg\" alt=\"\" class=\"wp-image-82473\" srcset=\"https:\/\/elinformante.mx\/wp-content\/uploads\/2025\/05\/12disfrutaron-2-1024x506.jpg 1024w, https:\/\/elinformante.mx\/wp-content\/uploads\/2025\/05\/12disfrutaron-2-300x148.jpg 300w, https:\/\/elinformante.mx\/wp-content\/uploads\/2025\/05\/12disfrutaron-2-768x379.jpg 768w, https:\/\/elinformante.mx\/wp-content\/uploads\/2025\/05\/12disfrutaron-2.jpg 1140w\" sizes=\"(max-width: 1024px) 100vw, 1024px\" \/><\/figure>\n\n\n\n<p>Ante la presencia de miles de infantes disfrazados de s\u00faper h\u00e9roes, princesas, hero\u00ednas y diversos personajes, Ricardo Moreno se\u00f1al\u00f3 que esta tarde, llena de juegos y actividades recreativas, son ideales para interactuar entre padres e hijos, y con ello, afianzar los lazo familiares.<br><\/p>\n\n\n\n<p>La fiesta cont\u00f3 con inflables, show de pintacaritas, danza en silla de ruedas, Circo Rueda Cyrwill, malabares, adem\u00e1s de la participaci\u00f3n de la Polic\u00eda Municipal, Guardia Nacional y Protecci\u00f3n Civil y Bomberos, quienes ofrecieron a la ni\u00f1ez toluque\u00f1a la oportunidad de interactuar con ellos y conocer m\u00e1s sobre su trabajo.<br><\/p>\n\n\n\n<p>El Presidente Municipal agradeci\u00f3 la participaci\u00f3n del Voluntariado del DIF de Toluca, as\u00ed como el apoyo de los regidores, servidores p\u00fablicos del Sistema DIF Toluca as\u00ed como de directivos del Ayuntamiento y de patrocinadores, empresas privadas y padres de familia quienes hicieron posible un gran festejo a fin de que los ni\u00f1os y ni\u00f1as toluque\u00f1as, pasaran una tarde llena de aventuras inolvidables.<br><\/p>\n\n\n\n<p>El evento culmin\u00f3 con la entrega de juguetes a los ni\u00f1os, quienes recibieron boletos para canjear por regalos, cabe destacar que estos regalos fueron un donativo de los asistentes al concierto Una Noche de Rock junto a la OFiT que se llev\u00f3 a cabo d\u00edas atr\u00e1s.<\/p>\n","protected":false},"excerpt":{"rendered":"<p>-Debemos mantener viva la tradici\u00f3n de festejar a la ni\u00f1ez y consolidar una sociedad compartida: Ricardo Moreno-El Parque Metropolitano se convirti\u00f3 en el sitio de reuni\u00f3n de infancias y padres, quienes convivieron en armon\u00eda El Parque Metropolitano se convirti\u00f3 en el sitio donde miles de ni\u00f1os y ni\u00f1as disfrutaron de juegos, convivencia y espect\u00e1culos ofrecidos [&hellip;]<\/p>\n","protected":false},"author":1,"featured_media":82472,"comment_status":"closed","ping_status":"closed","sticky":false,"template":"","format":"standard","meta":{"footnotes":""},"categories":[36],"tags":[],"class_list":["post-82471","post","type-post","status-publish","format-standard","has-post-thumbnail","hentry","category-edomex"],"_links":{"self":[{"href":"https:\/\/elinformante.mx\/index.php?rest_route=\/wp\/v2\/posts\/82471","targetHints":{"allow":["GET"]}}],"collection":[{"href":"https:\/\/elinformante.mx\/index.php?rest_route=\/wp\/v2\/posts"}],"about":[{"href":"https:\/\/elinformante.mx\/index.php?rest_route=\/wp\/v2\/types\/post"}],"author":[{"embeddable":true,"href":"https:\/\/elinformante.mx\/index.php?rest_route=\/wp\/v2\/users\/1"}],"replies":[{"embeddable":true,"href":"https:\/\/elinformante.mx\/index.php?rest_route=%2Fwp%2Fv2%2Fcomments&post=82471"}],"version-history":[{"count":0,"href":"https:\/\/elinformante.mx\/index.php?rest_route=\/wp\/v2\/posts\/82471\/revisions"}],"wp:featuredmedia":[{"embeddable":true,"href":"https:\/\/elinformante.mx\/index.php?rest_route=\/wp\/v2\/media\/82472"}],"wp:attachment":[{"href":"https:\/\/elinformante.mx\/index.php?rest_route=%2Fwp%2Fv2%2Fmedia&parent=82471"}],"wp:term":[{"taxonomy":"category","embeddable":true,"href":"https:\/\/elinformante.mx\/index.php?rest_route=%2Fwp%2Fv2%2Fcategories&post=82471"},{"taxonomy":"post_tag","embeddable":true,"href":"https:\/\/elinformante.mx\/index.php?rest_route=%2Fwp%2Fv2%2Ftags&post=82471"}],"curies":[{"name":"wp","href":"https:\/\/api.w.org\/{rel}","templated":true}]}}