{"id":82475,"date":"2025-05-06T06:10:17","date_gmt":"2025-05-06T12:10:17","guid":{"rendered":"https:\/\/elinformante.mx\/?p=82475"},"modified":"2025-05-06T06:10:20","modified_gmt":"2025-05-06T12:10:20","slug":"fernando-flores-es-evaluado-como-el-segundo-mejor-alcalde-del-edomex","status":"publish","type":"post","link":"https:\/\/elinformante.mx\/?p=82475","title":{"rendered":"Fernando Flores es evaluado como el segundo mejor alcalde del Edom\u00e9x"},"content":{"rendered":"\n<figure class=\"wp-block-pullquote\"><blockquote><p>Obtuvo en la encuesta hecha por Demoscopia Digital un 65.2% de aprobaci\u00f3n.<\/p><\/blockquote><\/figure>\n\n\n\n<p class=\"has-drop-cap\">Fernando Flores Fern\u00e1ndez, el presidente municipal de Metepec, se posicion\u00f3 como el segundo presidente municipal mejor evaluado del Estado de M\u00e9xico; esto de acuerdo a la encuesta elaborada por Demoscopia Digital y el peri\u00f3dico a Jornada Estado de M\u00e9xico.<br><\/p>\n\n\n\n<p>En la encuesta se puede observar que Flores Fern\u00e1ndez obtuvo una aprobaci\u00f3n ciudadana del 65.2%, consolid\u00e1ndose con uno de los perfiles pol\u00edticos m\u00e1s s\u00f3lidos de la regi\u00f3n.<br><\/p>\n\n\n\n<p>Esta encuesta correspondiente al mes de abril de 2025, lo coloc\u00f3 por encima de decenas de ediles mexiquenses, reforzando la percepci\u00f3n ciudadana positiva sobre su gesti\u00f3n.<br><\/p>\n\n\n\n<p>Flores Fern\u00e1ndez se ha mantenido regido bajo el lema \u201cSeguimos en la ruta correcta\u201d, y mediante sus redes ha comentado que esta distinci\u00f3n se da como resultado de una pol\u00edtica p\u00fablica orientada al fortalecimiento de servicios b\u00e1sicos, el impulso a la seguridad, el mejoramiento urbano y el desarrollo econ\u00f3mico local.<br><\/p>\n\n\n\n<figure class=\"wp-block-image size-large\"><img fetchpriority=\"high\" decoding=\"async\" width=\"1024\" height=\"506\" src=\"https:\/\/elinformante.mx\/wp-content\/uploads\/2025\/05\/12fernando-3-1024x506.jpg\" alt=\"\" class=\"wp-image-82477\" srcset=\"https:\/\/elinformante.mx\/wp-content\/uploads\/2025\/05\/12fernando-3-1024x506.jpg 1024w, https:\/\/elinformante.mx\/wp-content\/uploads\/2025\/05\/12fernando-3-300x148.jpg 300w, https:\/\/elinformante.mx\/wp-content\/uploads\/2025\/05\/12fernando-3-768x379.jpg 768w, https:\/\/elinformante.mx\/wp-content\/uploads\/2025\/05\/12fernando-3.jpg 1140w\" sizes=\"(max-width: 1024px) 100vw, 1024px\" \/><\/figure>\n\n\n\n<p>Se\u00f1al\u00f3 que el reconocimiento como el #2 en el ranking de alcaldes del Edom\u00e9x es un reflejo del trabajo que se hace diariamente en campo, trabajando hombro con hombre con la ciudadan\u00eda<br><\/p>\n\n\n\n<p>Se puede observar en el tracking mensual de aprobaci\u00f3n la consolidaci\u00f3n de Flores Fern\u00e1ndez como un referente de gobernabilidad eficiente dentro de las filas del Partido Acci\u00f3n Nacional (PAN).<br><\/p>\n\n\n\n<p>Fernando Flores Fern\u00e1ndez sigue sumando respaldo ciudadano y colocando a Metepec como un municipio modelo en el Valle de Toluca.<br><\/p>\n\n\n\n<p>La metodolog\u00eda de Demoscopia Digital se basa en encuestas realizadas v\u00eda WhatsApp a una muestra representativa de m\u00e1s de mil ciudadanos mayores de edad, con un margen de error estad\u00edstico de 3.8% y un nivel de confianza del 95%.<\/p>\n","protected":false},"excerpt":{"rendered":"<p>Obtuvo en la encuesta hecha por Demoscopia Digital un 65.2% de aprobaci\u00f3n. Fernando Flores Fern\u00e1ndez, el presidente municipal de Metepec, se posicion\u00f3 como el segundo presidente municipal mejor evaluado del Estado de M\u00e9xico; esto de acuerdo a la encuesta elaborada por Demoscopia Digital y el peri\u00f3dico a Jornada Estado de M\u00e9xico. En la encuesta se [&hellip;]<\/p>\n","protected":false},"author":1,"featured_media":82476,"comment_status":"closed","ping_status":"closed","sticky":false,"template":"","format":"standard","meta":{"footnotes":""},"categories":[30,36],"tags":[],"class_list":["post-82475","post","type-post","status-publish","format-standard","has-post-thumbnail","hentry","category-destacado","category-edomex"],"_links":{"self":[{"href":"https:\/\/elinformante.mx\/index.php?rest_route=\/wp\/v2\/posts\/82475","targetHints":{"allow":["GET"]}}],"collection":[{"href":"https:\/\/elinformante.mx\/index.php?rest_route=\/wp\/v2\/posts"}],"about":[{"href":"https:\/\/elinformante.mx\/index.php?rest_route=\/wp\/v2\/types\/post"}],"author":[{"embeddable":true,"href":"https:\/\/elinformante.mx\/index.php?rest_route=\/wp\/v2\/users\/1"}],"replies":[{"embeddable":true,"href":"https:\/\/elinformante.mx\/index.php?rest_route=%2Fwp%2Fv2%2Fcomments&post=82475"}],"version-history":[{"count":0,"href":"https:\/\/elinformante.mx\/index.php?rest_route=\/wp\/v2\/posts\/82475\/revisions"}],"wp:featuredmedia":[{"embeddable":true,"href":"https:\/\/elinformante.mx\/index.php?rest_route=\/wp\/v2\/media\/82476"}],"wp:attachment":[{"href":"https:\/\/elinformante.mx\/index.php?rest_route=%2Fwp%2Fv2%2Fmedia&parent=82475"}],"wp:term":[{"taxonomy":"category","embeddable":true,"href":"https:\/\/elinformante.mx\/index.php?rest_route=%2Fwp%2Fv2%2Fcategories&post=82475"},{"taxonomy":"post_tag","embeddable":true,"href":"https:\/\/elinformante.mx\/index.php?rest_route=%2Fwp%2Fv2%2Ftags&post=82475"}],"curies":[{"name":"wp","href":"https:\/\/api.w.org\/{rel}","templated":true}]}}