{"id":82479,"date":"2025-05-06T06:12:23","date_gmt":"2025-05-06T12:12:23","guid":{"rendered":"https:\/\/elinformante.mx\/?p=82479"},"modified":"2025-05-06T06:12:26","modified_gmt":"2025-05-06T12:12:26","slug":"adolfo-solis-llevo-la-celebracion-del-dia-del-nino-y-la-nina-a-la-soledad-y-benito-juarez","status":"publish","type":"post","link":"https:\/\/elinformante.mx\/?p=82479","title":{"rendered":"Adolfo Sol\u00eds llev\u00f3 la celebraci\u00f3n del D\u00eda del Ni\u00f1o y la Ni\u00f1a a La Soledad y Benito Ju\u00e1rez"},"content":{"rendered":"\n<figure class=\"wp-block-pullquote\"><blockquote><p>La familia encabez\u00f3 la entrega junto a regidores y la presidenta honoraria del DIF, Thal\u00eda Sol\u00eds.<\/p><\/blockquote><\/figure>\n\n\n\n<p class=\"has-drop-cap\">En el municipio de Almoloya de Ju\u00e1rez, el presidente municipal, Adolfo Sol\u00eds, sigue llevando los momentos de alegr\u00eda para los m\u00e1s peque\u00f1os del hogar. Durante la celebraci\u00f3n por el D\u00eda del Ni\u00f1o esta festividad recorri\u00f3 kil\u00f3metros y lleg\u00f3 a La Soledad y Benito Ju\u00e1rez, dos comunidades muy alejadas, en el norte del municipio, donde la infancia fue la gran protagonista.<br><\/p>\n\n\n\n<p>Pero Sol\u00eds G\u00f3mez no lleg\u00f3 solo: lo acompa\u00f1aron sus tres hijos, quienes se encargaron de repartir juguetes, sonrisas y abrazos.<br><\/p>\n\n\n\n<p>La Soledad es una de las localidades m\u00e1s alejadas, la distancia no fue obst\u00e1culo para que la fiesta llegara con todo. Payasos, din\u00e1micas, dulces y una lluvia de regalos hicieron que ni\u00f1os y ni\u00f1as vivieran una jornada inolvidable.<br><\/p>\n\n\n\n<p>La familia encabez\u00f3 la entrega junto a regidores y la presidenta honoraria del DIF, Thal\u00eda Sol\u00eds.<br><\/p>\n\n\n\n<figure class=\"wp-block-image size-large\"><img fetchpriority=\"high\" decoding=\"async\" width=\"1024\" height=\"506\" src=\"https:\/\/elinformante.mx\/wp-content\/uploads\/2025\/05\/11adolfo-1024x506.jpg\" alt=\"\" class=\"wp-image-82481\" srcset=\"https:\/\/elinformante.mx\/wp-content\/uploads\/2025\/05\/11adolfo-1024x506.jpg 1024w, https:\/\/elinformante.mx\/wp-content\/uploads\/2025\/05\/11adolfo-300x148.jpg 300w, https:\/\/elinformante.mx\/wp-content\/uploads\/2025\/05\/11adolfo-768x379.jpg 768w, https:\/\/elinformante.mx\/wp-content\/uploads\/2025\/05\/11adolfo.jpg 1140w\" sizes=\"(max-width: 1024px) 100vw, 1024px\" \/><\/figure>\n\n\n\n<p>El presidente se mostr\u00f3 muy contento de poder llevarle a estas comunidades alejadas un poco de alegr\u00eda a los peque\u00f1os, y les record\u00f3 que en su gobierno no se olvidar\u00e1 de ellos y sus problem\u00e1ticas, que muchas familias viven diariamente.<br><\/p>\n\n\n\n<p>Agradeci\u00f3 el cari\u00f1o con el que las familias que los recibieron durante los festejos del D\u00eda del Ni\u00f1o.<br><\/p>\n\n\n\n<p>Se\u00f1al\u00f3 que estos cuatro d\u00edas fueron muy gratificantes, y en los que pudieron compartir sonrisas, juegos, sorpresas y momentos que quedar\u00e1n grabados la memoria de todos, pero sobre todo, en la de miles de ni\u00f1as y ni\u00f1os de Almoloya de Ju\u00e1rez.<br><\/p>\n\n\n\n<p>Record\u00f3 que cada sonrisa y cada mirada de emoci\u00f3n le recuerdan por qu\u00e9 vale la pena trabajar todos los d\u00edas con entrega y pasi\u00f3n.<\/p>\n","protected":false},"excerpt":{"rendered":"<p>La familia encabez\u00f3 la entrega junto a regidores y la presidenta honoraria del DIF, Thal\u00eda Sol\u00eds. En el municipio de Almoloya de Ju\u00e1rez, el presidente municipal, Adolfo Sol\u00eds, sigue llevando los momentos de alegr\u00eda para los m\u00e1s peque\u00f1os del hogar. Durante la celebraci\u00f3n por el D\u00eda del Ni\u00f1o esta festividad recorri\u00f3 kil\u00f3metros y lleg\u00f3 a [&hellip;]<\/p>\n","protected":false},"author":1,"featured_media":82480,"comment_status":"closed","ping_status":"closed","sticky":false,"template":"","format":"standard","meta":{"footnotes":""},"categories":[36],"tags":[],"class_list":["post-82479","post","type-post","status-publish","format-standard","has-post-thumbnail","hentry","category-edomex"],"_links":{"self":[{"href":"https:\/\/elinformante.mx\/index.php?rest_route=\/wp\/v2\/posts\/82479","targetHints":{"allow":["GET"]}}],"collection":[{"href":"https:\/\/elinformante.mx\/index.php?rest_route=\/wp\/v2\/posts"}],"about":[{"href":"https:\/\/elinformante.mx\/index.php?rest_route=\/wp\/v2\/types\/post"}],"author":[{"embeddable":true,"href":"https:\/\/elinformante.mx\/index.php?rest_route=\/wp\/v2\/users\/1"}],"replies":[{"embeddable":true,"href":"https:\/\/elinformante.mx\/index.php?rest_route=%2Fwp%2Fv2%2Fcomments&post=82479"}],"version-history":[{"count":0,"href":"https:\/\/elinformante.mx\/index.php?rest_route=\/wp\/v2\/posts\/82479\/revisions"}],"wp:featuredmedia":[{"embeddable":true,"href":"https:\/\/elinformante.mx\/index.php?rest_route=\/wp\/v2\/media\/82480"}],"wp:attachment":[{"href":"https:\/\/elinformante.mx\/index.php?rest_route=%2Fwp%2Fv2%2Fmedia&parent=82479"}],"wp:term":[{"taxonomy":"category","embeddable":true,"href":"https:\/\/elinformante.mx\/index.php?rest_route=%2Fwp%2Fv2%2Fcategories&post=82479"},{"taxonomy":"post_tag","embeddable":true,"href":"https:\/\/elinformante.mx\/index.php?rest_route=%2Fwp%2Fv2%2Ftags&post=82479"}],"curies":[{"name":"wp","href":"https:\/\/api.w.org\/{rel}","templated":true}]}}