{"id":82490,"date":"2025-05-06T06:19:22","date_gmt":"2025-05-06T12:19:22","guid":{"rendered":"https:\/\/elinformante.mx\/?p=82490"},"modified":"2025-05-06T06:19:25","modified_gmt":"2025-05-06T12:19:25","slug":"centros-universitarios-y-unidades-academicas-profesionales-tendran-representacion-en-proceso-de-sucesion-de-la-uaemex","status":"publish","type":"post","link":"https:\/\/elinformante.mx\/?p=82490","title":{"rendered":"Centros Universitarios y Unidades Acad\u00e9micas Profesionales tendr\u00e1n representaci\u00f3n en proceso de sucesi\u00f3n de la UAEM\u00e9x"},"content":{"rendered":"\n<figure class=\"wp-block-pullquote\"><blockquote><p>Esta determinaci\u00f3n responde a la demanda de sumar a la mayor\u00eda los espacios y sectores universitarios en el proceso de sucesi\u00f3n.<\/p><\/blockquote><\/figure>\n\n\n\n<p class=\"has-drop-cap\">La Comisi\u00f3n Especial Electoral, de la cual forman parte las y los representantes de las aspirantes a la Rector\u00eda de la Universidad Aut\u00f3noma del Estado de M\u00e9xico (UAEM\u00e9x), aprobaron incluir la representaci\u00f3n de los Centros Universitarios y Unidades Acad\u00e9micas Profesionales en la elecci\u00f3n de la Rectora para el Periodo Ordinario 2025-2029, iniciativa avalada por el H. Consejo Universitario.<br><\/p>\n\n\n\n<p>Durante la Sesi\u00f3n Ordinaria, correspondiente al mes de abril, se explic\u00f3 que esta determinaci\u00f3n responde a la demanda de sumar a la mayor\u00eda los espacios y sectores universitarios en el proceso de sucesi\u00f3n, para lo cual se decidi\u00f3 incorporar a una persona titular del personal directivo, una del personal acad\u00e9mico y dos representantes del alumnado.<br><\/p>\n\n\n\n<p>En este sentido, el H. Consejo Universitario design\u00f3 por insaculaci\u00f3n al CU Valle de Teotihuac\u00e1n como representante de las y los directivos, al CU Amecameca en representaci\u00f3n del profesorado y como representantes del alumnado a un estudiante del Centro Universitario Texcoco y otro del Centro Universitario Nezahualc\u00f3yotl.<br><\/p>\n\n\n\n<p>Cabe hacer menci\u00f3n, que el proceso de evaluaci\u00f3n de las propuestas de las aspirantes contin\u00faa el 6 y 7 de mayo con la auscultaci\u00f3n cualitativa; el 9 de mayo se realizar\u00e1 un encuentro de las aspirantes ante el pleno del H. Consejo Universitario; el 12 de mayo tendr\u00e1 lugar la auscultaci\u00f3n cuantitativa y, finalmente, el 14 de mayo se llevar\u00e1 a cabo la elecci\u00f3n de la primera Rectora de la instituci\u00f3n.<\/p>\n","protected":false},"excerpt":{"rendered":"<p>Esta determinaci\u00f3n responde a la demanda de sumar a la mayor\u00eda los espacios y sectores universitarios en el proceso de sucesi\u00f3n. La Comisi\u00f3n Especial Electoral, de la cual forman parte las y los representantes de las aspirantes a la Rector\u00eda de la Universidad Aut\u00f3noma del Estado de M\u00e9xico (UAEM\u00e9x), aprobaron incluir la representaci\u00f3n de los [&hellip;]<\/p>\n","protected":false},"author":1,"featured_media":82491,"comment_status":"closed","ping_status":"closed","sticky":false,"template":"","format":"standard","meta":{"footnotes":""},"categories":[30,36],"tags":[],"class_list":["post-82490","post","type-post","status-publish","format-standard","has-post-thumbnail","hentry","category-destacado","category-edomex"],"_links":{"self":[{"href":"https:\/\/elinformante.mx\/index.php?rest_route=\/wp\/v2\/posts\/82490","targetHints":{"allow":["GET"]}}],"collection":[{"href":"https:\/\/elinformante.mx\/index.php?rest_route=\/wp\/v2\/posts"}],"about":[{"href":"https:\/\/elinformante.mx\/index.php?rest_route=\/wp\/v2\/types\/post"}],"author":[{"embeddable":true,"href":"https:\/\/elinformante.mx\/index.php?rest_route=\/wp\/v2\/users\/1"}],"replies":[{"embeddable":true,"href":"https:\/\/elinformante.mx\/index.php?rest_route=%2Fwp%2Fv2%2Fcomments&post=82490"}],"version-history":[{"count":0,"href":"https:\/\/elinformante.mx\/index.php?rest_route=\/wp\/v2\/posts\/82490\/revisions"}],"wp:featuredmedia":[{"embeddable":true,"href":"https:\/\/elinformante.mx\/index.php?rest_route=\/wp\/v2\/media\/82491"}],"wp:attachment":[{"href":"https:\/\/elinformante.mx\/index.php?rest_route=%2Fwp%2Fv2%2Fmedia&parent=82490"}],"wp:term":[{"taxonomy":"category","embeddable":true,"href":"https:\/\/elinformante.mx\/index.php?rest_route=%2Fwp%2Fv2%2Fcategories&post=82490"},{"taxonomy":"post_tag","embeddable":true,"href":"https:\/\/elinformante.mx\/index.php?rest_route=%2Fwp%2Fv2%2Ftags&post=82490"}],"curies":[{"name":"wp","href":"https:\/\/api.w.org\/{rel}","templated":true}]}}