{"id":82499,"date":"2025-05-06T06:26:32","date_gmt":"2025-05-06T12:26:32","guid":{"rendered":"https:\/\/elinformante.mx\/?p=82499"},"modified":"2025-05-06T06:26:35","modified_gmt":"2025-05-06T12:26:35","slug":"delfina-gomez-conmemora-el-163-aniversario-de-la-batalla-de-puebla","status":"publish","type":"post","link":"https:\/\/elinformante.mx\/?p=82499","title":{"rendered":"Delfina G\u00f3mez conmemora el 163 Aniversario de la Batalla de Puebla"},"content":{"rendered":"\n<figure class=\"wp-block-pullquote\"><blockquote><p>-Adem\u00e1s se tom\u00f3 protesta de Bandera a los soldados del Servicio Militar Nacional clase 2006 y a mujeres voluntarias.<\/p><\/blockquote><\/figure>\n\n\n\n<p class=\"has-drop-cap\">La Gobernadora del Estado de M\u00e9xico, Delfina G\u00f3mez \u00c1lvarez, asisti\u00f3 como invitada de honor a la Ceremonia Conmemorativa por el 163 Aniversario de la Batalla de Puebla, efectuada en las instalaciones de la 22\/a zona militar con sede en el municipio de Santa Mar\u00eda Ray\u00f3n; previamente, la Mandataria mexiquense presidi\u00f3 la Mesa de Coordinaci\u00f3n para la Construcci\u00f3n de la Paz.<br><\/p>\n\n\n\n<p>\u201cEn la 22\/a Zona Militar, en el municipio de Ray\u00f3n, realizamos este lunes nuestra reuni\u00f3n de la Mesa de Coordinaci\u00f3n para la Construcci\u00f3n de la Paz. Las Fuerzas Armadas son un apoyo valioso para alcanzar la paz y la seguridad en nuestro Edom\u00e9x. #ElPoderDeServir\u201d, se\u00f1al\u00f3 la Gobernadora Delfina G\u00f3mez \u00c1lvarez en sus redes sociales.<br><\/p>\n\n\n\n<p>Durante el evento, se realiz\u00f3 un enlace a la ceremonia encabezada por la Presidenta de M\u00e9xico, Claudia Sheinbaum Pardo, quien tom\u00f3 protesta de Bandera a los soldados del Servicio Militar Nacional clase 2006 y a mujeres voluntarias.<br><\/p>\n\n\n\n<p>\u201cRecordar nuestra historia es esencial para fortalecer el amor a la patria en las y los j\u00f3venes, como quienes hoy forman parte del Servicio Militar Nacional y que se comprometieron a defender la soberan\u00eda y la integridad de nuestra naci\u00f3n,\u201d coment\u00f3 la Gobernadora Delfina G\u00f3mez \u00c1lvarez en un segundo mensaje de redes sociales.<br><\/p>\n\n\n\n<figure class=\"wp-block-image size-large\"><img fetchpriority=\"high\" decoding=\"async\" width=\"1024\" height=\"506\" src=\"https:\/\/elinformante.mx\/wp-content\/uploads\/2025\/05\/7delfina-1024x506.jpg\" alt=\"\" class=\"wp-image-82501\" srcset=\"https:\/\/elinformante.mx\/wp-content\/uploads\/2025\/05\/7delfina-1024x506.jpg 1024w, https:\/\/elinformante.mx\/wp-content\/uploads\/2025\/05\/7delfina-300x148.jpg 300w, https:\/\/elinformante.mx\/wp-content\/uploads\/2025\/05\/7delfina-768x379.jpg 768w, https:\/\/elinformante.mx\/wp-content\/uploads\/2025\/05\/7delfina.jpg 1140w\" sizes=\"(max-width: 1024px) 100vw, 1024px\" \/><\/figure>\n\n\n\n<p>En la 22\/a Zona Militar, al hacer uso de la palabra en el evento, el Coronel de Infanter\u00eda E.M., Juan Manuel Becerra Mata, Comandante del 25\/o Batall\u00f3n de Infanter\u00eda y del Centro de Adiestramiento destac\u00f3 que en la Batalla de Puebla \u201cnuestros antepasados nos dieron el mensaje de que podemos superar las circunstancias m\u00e1s adversas que en cada \u00e9poca ponen a prueba nuestras voluntades y de las que siempre emergemos victoriosos, m\u00e1s fuertes y mejor preparados.\u201d<br><\/p>\n\n\n\n<p>A los conscriptos y mujeres voluntarias del Servicio Militar Nacional que rindieron protesta, les dijo que ning\u00fan llamado es m\u00e1s grande que el de ser convocados a la defensa de la Patria, y de todos los compromisos, ninguno es m\u00e1s honroso que servir a nuestro pueblo en todos los frentes de batalla, con el estudio, el trabajo y el fortalecimiento de los valores que se forjan en nuestras Fuerzas Armadas, asever\u00f3.<br><\/p>\n\n\n\n<p>Mientras que, el conscripto Jes\u00fas Alejandro S\u00e1nchez Bustos y la voluntaria Barbara Barrera Ortega, recordaron que la Batalla de Puebla surgi\u00f3 en un contexto de crisis, cuando Francia intent\u00f3 aprovechar la vulnerabilidad de M\u00e9xico con una fallida invasi\u00f3n a nuestro pa\u00eds.<br><\/p>\n\n\n\n<p>Destacaron la valent\u00eda del General Ignacio Zaragoza y de su Ej\u00e9rcito conformado por 4 mil 500 soldados y civiles armados, para librar una de las m\u00e1s duras batallas contra el Ej\u00e9rcito franc\u00e9s, conformado por m\u00e1s de 6 mil hombres; la victoria sobre estos es una de las haza\u00f1as m\u00e1s memorables en la historia de nuestro pa\u00eds.<br><\/p>\n\n\n\n<p>A esta ceremonia asistieron Horacio Duarte Olivares, Secretario General de Gobierno; Crist\u00f3bal Casta\u00f1eda Camarillo, Secretario de Seguridad; Jos\u00e9 Luis Cervantes Mart\u00ednez, Fiscal General de Justicia; y Maricela L\u00f3pez Urbina, Secretaria T\u00e9cnica del Grupo de Coordinaci\u00f3n Estatal de Construcci\u00f3n de la Paz en el Estado de M\u00e9xico.<\/p>\n","protected":false},"excerpt":{"rendered":"<p>-Adem\u00e1s se tom\u00f3 protesta de Bandera a los soldados del Servicio Militar Nacional clase 2006 y a mujeres voluntarias. La Gobernadora del Estado de M\u00e9xico, Delfina G\u00f3mez \u00c1lvarez, asisti\u00f3 como invitada de honor a la Ceremonia Conmemorativa por el 163 Aniversario de la Batalla de Puebla, efectuada en las instalaciones de la 22\/a zona militar [&hellip;]<\/p>\n","protected":false},"author":1,"featured_media":82500,"comment_status":"closed","ping_status":"closed","sticky":false,"template":"","format":"standard","meta":{"footnotes":""},"categories":[30,36,31],"tags":[],"class_list":["post-82499","post","type-post","status-publish","format-standard","has-post-thumbnail","hentry","category-destacado","category-edomex","category-portada"],"_links":{"self":[{"href":"https:\/\/elinformante.mx\/index.php?rest_route=\/wp\/v2\/posts\/82499","targetHints":{"allow":["GET"]}}],"collection":[{"href":"https:\/\/elinformante.mx\/index.php?rest_route=\/wp\/v2\/posts"}],"about":[{"href":"https:\/\/elinformante.mx\/index.php?rest_route=\/wp\/v2\/types\/post"}],"author":[{"embeddable":true,"href":"https:\/\/elinformante.mx\/index.php?rest_route=\/wp\/v2\/users\/1"}],"replies":[{"embeddable":true,"href":"https:\/\/elinformante.mx\/index.php?rest_route=%2Fwp%2Fv2%2Fcomments&post=82499"}],"version-history":[{"count":0,"href":"https:\/\/elinformante.mx\/index.php?rest_route=\/wp\/v2\/posts\/82499\/revisions"}],"wp:featuredmedia":[{"embeddable":true,"href":"https:\/\/elinformante.mx\/index.php?rest_route=\/wp\/v2\/media\/82500"}],"wp:attachment":[{"href":"https:\/\/elinformante.mx\/index.php?rest_route=%2Fwp%2Fv2%2Fmedia&parent=82499"}],"wp:term":[{"taxonomy":"category","embeddable":true,"href":"https:\/\/elinformante.mx\/index.php?rest_route=%2Fwp%2Fv2%2Fcategories&post=82499"},{"taxonomy":"post_tag","embeddable":true,"href":"https:\/\/elinformante.mx\/index.php?rest_route=%2Fwp%2Fv2%2Ftags&post=82499"}],"curies":[{"name":"wp","href":"https:\/\/api.w.org\/{rel}","templated":true}]}}