{"id":82503,"date":"2025-05-06T06:29:49","date_gmt":"2025-05-06T12:29:49","guid":{"rendered":"https:\/\/elinformante.mx\/?p=82503"},"modified":"2025-05-06T06:29:51","modified_gmt":"2025-05-06T12:29:51","slug":"celebran-en-zinacantepec-a-miles-de-ninos-por-su-dia","status":"publish","type":"post","link":"https:\/\/elinformante.mx\/?p=82503","title":{"rendered":"Celebran en Zinacantepec a miles de ni\u00f1os por su d\u00eda"},"content":{"rendered":"\n<figure class=\"wp-block-pullquote\"><blockquote><p>La celebraci\u00f3n se llev\u00f3 a cabo en el Parque Colibr\u00ed, adem\u00e1s de tener eventos en Santa Mar\u00eda del Monte<\/p><\/blockquote><\/figure>\n\n\n\n<p class=\"has-drop-cap\">El gobierno municipal de Zinacantepec, encabezado por el alcalde Manuel Vilchis Viveros, festej\u00f3 a m\u00e1s de 3,000 ni\u00f1as y ni\u00f1os en el reci\u00e9n inaugurado Parque Colibr\u00ed, extendiendo los festejos a comunidades como Santa Mar\u00eda del Monte y San Bartolo.<br><\/p>\n\n\n\n<p>Manuel Vilchis Viveros y su esposa Jessica Rios Lara, as\u00ed como integrantes del Cabildo, celebraron a miles de ni\u00f1as y ni\u00f1os en el marco del D\u00eda de la Ni\u00f1a y el Ni\u00f1o, con actividades llenas de alegr\u00eda, juegos y convivencia familiar.<br><\/p>\n\n\n\n<figure class=\"wp-block-image size-large\"><img fetchpriority=\"high\" decoding=\"async\" width=\"1024\" height=\"506\" src=\"https:\/\/elinformante.mx\/wp-content\/uploads\/2025\/05\/8ZINA-2-1024x506.jpg\" alt=\"\" class=\"wp-image-82505\" srcset=\"https:\/\/elinformante.mx\/wp-content\/uploads\/2025\/05\/8ZINA-2-1024x506.jpg 1024w, https:\/\/elinformante.mx\/wp-content\/uploads\/2025\/05\/8ZINA-2-300x148.jpg 300w, https:\/\/elinformante.mx\/wp-content\/uploads\/2025\/05\/8ZINA-2-768x379.jpg 768w, https:\/\/elinformante.mx\/wp-content\/uploads\/2025\/05\/8ZINA-2.jpg 1140w\" sizes=\"(max-width: 1024px) 100vw, 1024px\" \/><\/figure>\n\n\n\n<p>El nuevo Parque Colibr\u00ed fue sede del festejo central, reuniendo a m\u00e1s de 3,000 peque\u00f1os que disfrutaron con sus padres de un espacio recreativo lleno de sorpresas, espect\u00e1culos, din\u00e1micas y regalos.<br><\/p>\n\n\n\n<p>El parque, recientemente inaugurado, se consolida como un s\u00edmbolo de bienestar y recuperaci\u00f3n del espacio p\u00fablico para las familias zinacantepequenses.<br><\/p>\n\n\n\n<figure class=\"wp-block-image size-large\"><img decoding=\"async\" width=\"1024\" height=\"506\" src=\"https:\/\/elinformante.mx\/wp-content\/uploads\/2025\/05\/8ZINA-1024x506.jpg\" alt=\"\" class=\"wp-image-82508\" srcset=\"https:\/\/elinformante.mx\/wp-content\/uploads\/2025\/05\/8ZINA-1024x506.jpg 1024w, https:\/\/elinformante.mx\/wp-content\/uploads\/2025\/05\/8ZINA-300x148.jpg 300w, https:\/\/elinformante.mx\/wp-content\/uploads\/2025\/05\/8ZINA-768x379.jpg 768w, https:\/\/elinformante.mx\/wp-content\/uploads\/2025\/05\/8ZINA.jpg 1140w\" sizes=\"(max-width: 1024px) 100vw, 1024px\" \/><\/figure>\n\n\n\n<p>\u201cHoy Zinacantepec se llen\u00f3 de sonrisas. Este parque es para ustedes, para que jueguen, sue\u00f1en y crezcan felices. Nuestra ni\u00f1ez merece lo mejor y seguiremos trabajando por su futuro\u201d, expres\u00f3 el alcalde durante su mensaje a los asistentes.<br><\/p>\n\n\n\n<p>Los festejos continuaron en Santa Mar\u00eda del Monte, El C\u00f3poro y San Bartolo, donde convivieron directamente con las ni\u00f1as, ni\u00f1os y sus familias, reiterando su compromiso de llevar bienestar a todas las comunidades del municipio, sin distinci\u00f3n.<\/p>\n\n\n\n<figure class=\"wp-block-image size-large\"><img decoding=\"async\" width=\"1024\" height=\"506\" src=\"https:\/\/elinformante.mx\/wp-content\/uploads\/2025\/05\/8ZINA-5-1024x506.jpg\" alt=\"\" class=\"wp-image-82507\" srcset=\"https:\/\/elinformante.mx\/wp-content\/uploads\/2025\/05\/8ZINA-5-1024x506.jpg 1024w, https:\/\/elinformante.mx\/wp-content\/uploads\/2025\/05\/8ZINA-5-300x148.jpg 300w, https:\/\/elinformante.mx\/wp-content\/uploads\/2025\/05\/8ZINA-5-768x379.jpg 768w, https:\/\/elinformante.mx\/wp-content\/uploads\/2025\/05\/8ZINA-5.jpg 1140w\" sizes=\"(max-width: 1024px) 100vw, 1024px\" \/><\/figure>\n","protected":false},"excerpt":{"rendered":"<p>La celebraci\u00f3n se llev\u00f3 a cabo en el Parque Colibr\u00ed, adem\u00e1s de tener eventos en Santa Mar\u00eda del Monte El gobierno municipal de Zinacantepec, encabezado por el alcalde Manuel Vilchis Viveros, festej\u00f3 a m\u00e1s de 3,000 ni\u00f1as y ni\u00f1os en el reci\u00e9n inaugurado Parque Colibr\u00ed, extendiendo los festejos a comunidades como Santa Mar\u00eda del Monte [&hellip;]<\/p>\n","protected":false},"author":1,"featured_media":82504,"comment_status":"closed","ping_status":"closed","sticky":false,"template":"","format":"standard","meta":{"footnotes":""},"categories":[30,36,31],"tags":[46],"class_list":["post-82503","post","type-post","status-publish","format-standard","has-post-thumbnail","hentry","category-destacado","category-edomex","category-portada","tag-portadaedomex"],"_links":{"self":[{"href":"https:\/\/elinformante.mx\/index.php?rest_route=\/wp\/v2\/posts\/82503","targetHints":{"allow":["GET"]}}],"collection":[{"href":"https:\/\/elinformante.mx\/index.php?rest_route=\/wp\/v2\/posts"}],"about":[{"href":"https:\/\/elinformante.mx\/index.php?rest_route=\/wp\/v2\/types\/post"}],"author":[{"embeddable":true,"href":"https:\/\/elinformante.mx\/index.php?rest_route=\/wp\/v2\/users\/1"}],"replies":[{"embeddable":true,"href":"https:\/\/elinformante.mx\/index.php?rest_route=%2Fwp%2Fv2%2Fcomments&post=82503"}],"version-history":[{"count":0,"href":"https:\/\/elinformante.mx\/index.php?rest_route=\/wp\/v2\/posts\/82503\/revisions"}],"wp:featuredmedia":[{"embeddable":true,"href":"https:\/\/elinformante.mx\/index.php?rest_route=\/wp\/v2\/media\/82504"}],"wp:attachment":[{"href":"https:\/\/elinformante.mx\/index.php?rest_route=%2Fwp%2Fv2%2Fmedia&parent=82503"}],"wp:term":[{"taxonomy":"category","embeddable":true,"href":"https:\/\/elinformante.mx\/index.php?rest_route=%2Fwp%2Fv2%2Fcategories&post=82503"},{"taxonomy":"post_tag","embeddable":true,"href":"https:\/\/elinformante.mx\/index.php?rest_route=%2Fwp%2Fv2%2Ftags&post=82503"}],"curies":[{"name":"wp","href":"https:\/\/api.w.org\/{rel}","templated":true}]}}