{"id":82513,"date":"2025-05-06T06:34:28","date_gmt":"2025-05-06T12:34:28","guid":{"rendered":"https:\/\/elinformante.mx\/?p=82513"},"modified":"2025-05-06T06:34:30","modified_gmt":"2025-05-06T12:34:30","slug":"se-realizo-el-2do-adoptaton-de-perros-y-gatos-con-exito-en-el-bosque-de-chapultepec","status":"publish","type":"post","link":"https:\/\/elinformante.mx\/?p=82513","title":{"rendered":"Se realiz\u00f3 el 2do \u201cAdoptat\u00f3n de perros y gatos\u201d con \u00e9xito en el Bosque de Chapultepec"},"content":{"rendered":"\n<figure class=\"wp-block-pullquote\"><blockquote><p>M\u00e1s de 60 animales de compa\u00f1\u00eda adoptados, entre perros y gatos, a los que se les brindar\u00e1 una nueva oportunidad de vida en hogares responsables<\/p><\/blockquote><\/figure>\n\n\n\n<p class=\"has-drop-cap\">La SEDEMA de la CDMX, a trav\u00e9s de la Agencia de Atenci\u00f3n Animal (AGATAN), llev\u00f3 a cabo el Segundo Adoptat\u00f3n de Perros y Gatos en la 2\u00aa Secci\u00f3n del Bosque de Chapultepec. El evento fue un \u00e9xito al promover la adopci\u00f3n responsable de animales en situaci\u00f3n de calle y brindarles una nueva oportunidad de vida, amor y cuidados en hogares responsables.<br><\/p>\n\n\n\n<p>La jornada, organizada en conjunto con diversas dependencias de gobierno, alcald\u00edas, organizaciones protectoras de animales, fundaciones, rescatistas y empresas con causa, tuvo como objetivo ofrecer una nueva oportunidad de vida a m\u00e1s de 2,000 animales de compa\u00f1\u00eda en b\u00fasqueda de un hogar.<br><\/p>\n\n\n\n<p>Durante la inauguraci\u00f3n, la titular de SEDEMA, Julia \u00c1lvarez Icaza Ram\u00edrez, record\u00f3 el compromiso asumido por la jefa de Gobierno, Clara Brugada Molina, en diciembre pasado, de realizar jornadas de adopci\u00f3n itinerantes cada mes.<br><\/p>\n\n\n\n<p>\u201cEste esfuerzo responde a una pol\u00edtica p\u00fablica integral centrada en el bienestar animal y busca consolidar a la Ciudad de M\u00e9xico como referente nacional en esta materia\u201d, dejando claro que el mensaje es: \u201cNo compres, adopta\u201d.<br><\/p>\n\n\n\n<p>Durante esta segunda jornada del Adoptat\u00f3n, un total de 40 animales de compa\u00f1\u00eda, entre perros y gatos, encontraron nuevos hogares durante el fin de semana, lo que refleja el impacto positivo de este evento en la lucha contra el abandono y el maltrato animal en la ciudad.<br><\/p>\n\n\n\n<p>Es importante se\u00f1alar que este n\u00famero aumentar\u00e1, ya que varios animales, especialmente gatos, se encuentran en un proceso de adopci\u00f3n m\u00e1s detallado y minucioso. En particular, 27 gatos fueron identificados como prospectos de adopci\u00f3n. Este proceso m\u00e1s estricto incluye visitas a los posibles adoptantes y la aplicaci\u00f3n de cuestionarios, lo que garantiza que los gatos sean colocados en hogares responsables y adecuados.<br><\/p>\n\n\n\n<p>Cabe destacar que en esta segunda edici\u00f3n del Adoptat\u00f3n, se triplic\u00f3 el n\u00famero de adopciones del primer evento (18 perros y 3 gatos), por lo que este \u00e9xito refleja el creciente impacto de la iniciativa, que promueve la adopci\u00f3n responsable de animales en situaci\u00f3n de calle, brind\u00e1ndoles una nueva oportunidad de en hogares responsables.<br><\/p>\n\n\n\n<p>Durante los dos d\u00edas del evento, las y los asistentes pudieron conocer a los perros y gatos disponibles para adopci\u00f3n y listos para integrarse a un nuevo hogar con tutores responsables.<br><\/p>\n\n\n\n<p>Adem\u00e1s, recibieron charlas impartidas por especialistas y expertos sobre temas como c\u00f3mo socializar e integrar a un animal adoptado, c\u00f3mo denunciar el maltrato animal, y la importancia de la esterilizaci\u00f3n y el bienestar animal, as\u00ed como una charla sobre el cuidado de peces y otros animales no tradicionales.<br><\/p>\n\n\n\n<p>Para incentivar a las y los asistentes, el Acuario Michin tambi\u00e9n se sum\u00f3 a la causa obsequiando pases dobles para visitar sus instalaciones a quienes presentaran su comprobante de adopci\u00f3n.<br><\/p>\n\n\n\n<p>El pr\u00f3ximo Adoptat\u00f3n se llevar\u00e1 a cabo en el Bosque de San Juan de Arag\u00f3n, por lo que la SEDEMA invita a la ciudadan\u00eda a seguir las redes sociales oficiales de la Secretar\u00eda, as\u00ed como del Gobierno de la Ciudad de M\u00e9xico para conocer las pr\u00f3ximas fechas y seguir apoyando esta noble causa.<br><\/p>\n\n\n\n<p>Con este \u00e9xito, la Secretar\u00eda del Medio Ambiente reafirma su compromiso con la protecci\u00f3n animal y la cultura de adopci\u00f3n responsable. Este evento se consolida como una de las principales acciones dentro del Plan Animalista impulsado por el Gobierno de la Ciudad de M\u00e9xico, encabezado por la jefa de Gobierno, Clara Brugada.<\/p>\n","protected":false},"excerpt":{"rendered":"<p>M\u00e1s de 60 animales de compa\u00f1\u00eda adoptados, entre perros y gatos, a los que se les brindar\u00e1 una nueva oportunidad de vida en hogares responsables La SEDEMA de la CDMX, a trav\u00e9s de la Agencia de Atenci\u00f3n Animal (AGATAN), llev\u00f3 a cabo el Segundo Adoptat\u00f3n de Perros y Gatos en la 2\u00aa Secci\u00f3n del Bosque [&hellip;]<\/p>\n","protected":false},"author":1,"featured_media":82514,"comment_status":"closed","ping_status":"closed","sticky":false,"template":"","format":"standard","meta":{"footnotes":""},"categories":[35,30],"tags":[],"class_list":["post-82513","post","type-post","status-publish","format-standard","has-post-thumbnail","hentry","category-cdmx","category-destacado"],"_links":{"self":[{"href":"https:\/\/elinformante.mx\/index.php?rest_route=\/wp\/v2\/posts\/82513","targetHints":{"allow":["GET"]}}],"collection":[{"href":"https:\/\/elinformante.mx\/index.php?rest_route=\/wp\/v2\/posts"}],"about":[{"href":"https:\/\/elinformante.mx\/index.php?rest_route=\/wp\/v2\/types\/post"}],"author":[{"embeddable":true,"href":"https:\/\/elinformante.mx\/index.php?rest_route=\/wp\/v2\/users\/1"}],"replies":[{"embeddable":true,"href":"https:\/\/elinformante.mx\/index.php?rest_route=%2Fwp%2Fv2%2Fcomments&post=82513"}],"version-history":[{"count":0,"href":"https:\/\/elinformante.mx\/index.php?rest_route=\/wp\/v2\/posts\/82513\/revisions"}],"wp:featuredmedia":[{"embeddable":true,"href":"https:\/\/elinformante.mx\/index.php?rest_route=\/wp\/v2\/media\/82514"}],"wp:attachment":[{"href":"https:\/\/elinformante.mx\/index.php?rest_route=%2Fwp%2Fv2%2Fmedia&parent=82513"}],"wp:term":[{"taxonomy":"category","embeddable":true,"href":"https:\/\/elinformante.mx\/index.php?rest_route=%2Fwp%2Fv2%2Fcategories&post=82513"},{"taxonomy":"post_tag","embeddable":true,"href":"https:\/\/elinformante.mx\/index.php?rest_route=%2Fwp%2Fv2%2Ftags&post=82513"}],"curies":[{"name":"wp","href":"https:\/\/api.w.org\/{rel}","templated":true}]}}