{"id":82516,"date":"2025-05-06T06:38:00","date_gmt":"2025-05-06T12:38:00","guid":{"rendered":"https:\/\/elinformante.mx\/?p=82516"},"modified":"2025-05-06T06:39:45","modified_gmt":"2025-05-06T12:39:45","slug":"la-gran-danza-monumental-mexica-reunio-1500-personas-en-cdmx","status":"publish","type":"post","link":"https:\/\/elinformante.mx\/?p=82516","title":{"rendered":"La gran danza monumental Mexica reuni\u00f3 1500 personas en CDMX"},"content":{"rendered":"\n<figure class=\"wp-block-pullquote\"><blockquote><p>Esta acci\u00f3n es una estrategia del Gobierno de la Ciudad de M\u00e9xico, encabezado por la Jefa de Gobierno Clara Brugada para preservar su patrimonio cultural.<\/p><\/blockquote><\/figure>\n\n\n\n<p class=\"has-drop-cap\">\u201cLa Gran Danza Monumental Mexica\u201d realizada por la comunidad del Subsistema de Educaci\u00f3n Comunitaria PILARES reuni\u00f3 a m\u00e1s de 1500 personas, las cuales bailaron y rindieron homenaje a las culturas originarias durante m\u00e1s de dos horas en la plancha del Z\u00f3calo capitalino.<br><\/p>\n\n\n\n<p>Durante esta demostraci\u00f3n las y los danzantes presentaron una versi\u00f3n comunitaria de diversas danzas mexicas, como: \u201cDanza de Tonatiuh\u201d, \u201cDanza de Quetzalc\u00f3atl\u201d, \u201cDanza Antigua\u201d, \u201cDanza Paloma de Fuego\u201d y \u201cDanza de los Calpullis\u201d, mostrando el esfuerzo de los talleres de danza mexica PILARES por conservar este tipo de tradiciones.<br><\/p>\n\n\n\n<p>Luz del Alba Riande, Directora de Educaci\u00f3n Participativa y Comunitaria en representaci\u00f3n del Coordinador General de PILARES, Javier Hidalgo Ponce, expres\u00f3 el orgullo de hacer vibrar el Z\u00f3calo poniendo en alto la cultura, tradiciones e historia del pa\u00eds en la celebraci\u00f3n de los 700 a\u00f1os de la fundaci\u00f3n de Tenochtitlan. \u201cEstamos aqu\u00ed por nuestros ancestros que resistieron\u201d.<br><\/p>\n\n\n\n<figure class=\"wp-block-image size-large\"><img fetchpriority=\"high\" decoding=\"async\" width=\"1024\" height=\"506\" src=\"https:\/\/elinformante.mx\/wp-content\/uploads\/2025\/05\/5la-gran-2-1024x506.jpg\" alt=\"\" class=\"wp-image-82518\" srcset=\"https:\/\/elinformante.mx\/wp-content\/uploads\/2025\/05\/5la-gran-2-1024x506.jpg 1024w, https:\/\/elinformante.mx\/wp-content\/uploads\/2025\/05\/5la-gran-2-300x148.jpg 300w, https:\/\/elinformante.mx\/wp-content\/uploads\/2025\/05\/5la-gran-2-768x379.jpg 768w, https:\/\/elinformante.mx\/wp-content\/uploads\/2025\/05\/5la-gran-2.jpg 1140w\" sizes=\"(max-width: 1024px) 100vw, 1024px\" \/><\/figure>\n\n\n\n<p>Asimismo, Eva Margarita Quiroga, Coordinadora de la Subdirecci\u00f3n de Saberes y Talleres, resalt\u00f3 que M\u00e9xico tiene una gran diversidad cultural con 68 lenguas y 360 variantes. Mientras la historia de los danzantes ha sido muy amplia \u201csus testimonios reivindicando en este evento sus saberes, tradiciones y sus historias\u201d<br><\/p>\n\n\n\n<p>El evento transform\u00f3 el Z\u00f3calo capitalino en un escenario comunitario con el objetivo de representar la ritualidad de los pueblos, exponer la importancia de las ra\u00edces mexicas, fortalecer el sentido de pertenencia y revalorar los saberes de los pueblos originarios.<br><\/p>\n\n\n\n<p>Esta acci\u00f3n es una estrategia del Gobierno de la Ciudad de M\u00e9xico, encabezado por la Jefa de Gobierno Clara Brugada para preservar su patrimonio cultural, recordar sus ra\u00edces y fomentar actividades art\u00edsticas accesibles para toda la ciudadan\u00eda.<\/p>\n","protected":false},"excerpt":{"rendered":"<p>Esta acci\u00f3n es una estrategia del Gobierno de la Ciudad de M\u00e9xico, encabezado por la Jefa de Gobierno Clara Brugada para preservar su patrimonio cultural. \u201cLa Gran Danza Monumental Mexica\u201d realizada por la comunidad del Subsistema de Educaci\u00f3n Comunitaria PILARES reuni\u00f3 a m\u00e1s de 1500 personas, las cuales bailaron y rindieron homenaje a las culturas [&hellip;]<\/p>\n","protected":false},"author":1,"featured_media":82517,"comment_status":"closed","ping_status":"closed","sticky":false,"template":"","format":"standard","meta":{"footnotes":""},"categories":[35],"tags":[],"class_list":["post-82516","post","type-post","status-publish","format-standard","has-post-thumbnail","hentry","category-cdmx"],"_links":{"self":[{"href":"https:\/\/elinformante.mx\/index.php?rest_route=\/wp\/v2\/posts\/82516","targetHints":{"allow":["GET"]}}],"collection":[{"href":"https:\/\/elinformante.mx\/index.php?rest_route=\/wp\/v2\/posts"}],"about":[{"href":"https:\/\/elinformante.mx\/index.php?rest_route=\/wp\/v2\/types\/post"}],"author":[{"embeddable":true,"href":"https:\/\/elinformante.mx\/index.php?rest_route=\/wp\/v2\/users\/1"}],"replies":[{"embeddable":true,"href":"https:\/\/elinformante.mx\/index.php?rest_route=%2Fwp%2Fv2%2Fcomments&post=82516"}],"version-history":[{"count":0,"href":"https:\/\/elinformante.mx\/index.php?rest_route=\/wp\/v2\/posts\/82516\/revisions"}],"wp:featuredmedia":[{"embeddable":true,"href":"https:\/\/elinformante.mx\/index.php?rest_route=\/wp\/v2\/media\/82517"}],"wp:attachment":[{"href":"https:\/\/elinformante.mx\/index.php?rest_route=%2Fwp%2Fv2%2Fmedia&parent=82516"}],"wp:term":[{"taxonomy":"category","embeddable":true,"href":"https:\/\/elinformante.mx\/index.php?rest_route=%2Fwp%2Fv2%2Fcategories&post=82516"},{"taxonomy":"post_tag","embeddable":true,"href":"https:\/\/elinformante.mx\/index.php?rest_route=%2Fwp%2Fv2%2Ftags&post=82516"}],"curies":[{"name":"wp","href":"https:\/\/api.w.org\/{rel}","templated":true}]}}