{"id":82520,"date":"2025-05-06T06:40:16","date_gmt":"2025-05-06T12:40:16","guid":{"rendered":"https:\/\/elinformante.mx\/?p=82520"},"modified":"2025-05-06T06:40:17","modified_gmt":"2025-05-06T12:40:17","slug":"dia-de-las-madres-debe-ser-un-dia-de-libertad-y-justicia-clara-brugada","status":"publish","type":"post","link":"https:\/\/elinformante.mx\/?p=82520","title":{"rendered":"D\u00eda de las Madres debe ser un d\u00eda de libertad y justicia: Clara Brugada"},"content":{"rendered":"\n<figure class=\"wp-block-pullquote\"><blockquote><p>-La mandataria capitalina llam\u00f3 a las y los capitalinos a no regalar electrodom\u00e9sticos y a no dejar todo el trabajo dom\u00e9stico a las mujeres, pues los hombres tambi\u00e9n deben participar en esta labor<\/p><\/blockquote><\/figure>\n\n\n\n<p class=\"has-drop-cap\">La jefa de Gobierno, Clara Brugada Molina, se\u00f1al\u00f3 que hist\u00f3ricamente se ha impuesto a las mujeres el trabajo dom\u00e9stico y de cuidados y eso ha limitado su desarrollo, situaci\u00f3n por la cual su administraci\u00f3n va a poner en marcha el Sistema P\u00fablico de Cuidados en beneficio principalmente de ellas.<br><\/p>\n\n\n\n<p>En el marco del D\u00eda de las Madres, que se celebra el pr\u00f3ximo 10 de mayo, la mandataria capitalina llam\u00f3 a las y los habitantes de la Ciudad de M\u00e9xico a no regalar electrodom\u00e9sticos a las mam\u00e1s ni permitir que en ellas recaigan las labores del hogar, como cocinar, pues de lo contrario se repiten roles que provocan desigualdad.<br><\/p>\n\n\n\n<p>\u201cNo acepten de regalo, de una vez d\u00edganselos de antemano: no queremos electrodom\u00e9sticos, nada de planchas, ni licuadoras, ni un mantel, nada de eso. \u00bfPor qu\u00e9? Porque es reproducir que las mam\u00e1s se dedican a hacer lo que no queremos que sigan haciendo. El D\u00eda de las Madres debe ser un d\u00eda de libertad, debe ser un d\u00eda en que los hijos o los esposos le sirvan a la mam\u00e1\u201d, resalt\u00f3.<br><\/p>\n\n\n\n<figure class=\"wp-block-image size-large\"><img fetchpriority=\"high\" decoding=\"async\" width=\"1024\" height=\"506\" src=\"https:\/\/elinformante.mx\/wp-content\/uploads\/2025\/05\/5claudia-1024x506.jpg\" alt=\"\" class=\"wp-image-82523\" srcset=\"https:\/\/elinformante.mx\/wp-content\/uploads\/2025\/05\/5claudia-1024x506.jpg 1024w, https:\/\/elinformante.mx\/wp-content\/uploads\/2025\/05\/5claudia-300x148.jpg 300w, https:\/\/elinformante.mx\/wp-content\/uploads\/2025\/05\/5claudia-768x379.jpg 768w, https:\/\/elinformante.mx\/wp-content\/uploads\/2025\/05\/5claudia.jpg 1140w\" sizes=\"(max-width: 1024px) 100vw, 1024px\" \/><\/figure>\n\n\n\n<p>Brugada record\u00f3 que el trabajo dom\u00e9stico y de cuidar a la familia se desempe\u00f1a todos los d\u00edas, no se valora y se ha depositado por mucho tiempo en las mujeres, por lo que este panorama debe cambiar al ser una tarea en que tambi\u00e9n deben participar los hombres.<br><\/p>\n\n\n\n<p>El gobierno capitalino va a poner en marcha el Sistema P\u00fablico de Cuidados, que consiste en la creaci\u00f3n de espacios y servicios, muchos de los cuales se ubicar\u00e1n en las Utop\u00edas, entre los que destacan 300 centros de cuidado y desarrollo infantil, lavander\u00edas, comedores p\u00fablicos y hasta spa, todo gratuito, con la finalidad de que las personas usuarias, principalmente las mujeres, puedan liberar tiempo que antes usaban para los cuidados y ahora podr\u00e1n destinarlo a otras actividades.<br><\/p>\n\n\n\n<p>Record\u00f3 que este a\u00f1o est\u00e1n en proceso de construcci\u00f3n 16 Utop\u00edas, que tambi\u00e9n contar\u00e1n con infraestructura para el deporte, cultura y arte, salud y atenci\u00f3n de adicciones, emprendimiento, entre otros rubros.<br><\/p>\n\n\n\n<p>Finalmente, la jefa de Gobierno lanz\u00f3 la invitaci\u00f3n para disfrutar del concierto que ofrecer\u00e1 la cantante Lupita D\u2019Alessio en el Z\u00f3calo capitalino el pr\u00f3ximo 10 de mayo a las 19:00 horas, para celebrar el D\u00eda de las Madres.<\/p>\n","protected":false},"excerpt":{"rendered":"<p>-La mandataria capitalina llam\u00f3 a las y los capitalinos a no regalar electrodom\u00e9sticos y a no dejar todo el trabajo dom\u00e9stico a las mujeres, pues los hombres tambi\u00e9n deben participar en esta labor La jefa de Gobierno, Clara Brugada Molina, se\u00f1al\u00f3 que hist\u00f3ricamente se ha impuesto a las mujeres el trabajo dom\u00e9stico y de cuidados [&hellip;]<\/p>\n","protected":false},"author":1,"featured_media":82522,"comment_status":"closed","ping_status":"closed","sticky":false,"template":"","format":"standard","meta":{"footnotes":""},"categories":[35,30],"tags":[],"class_list":["post-82520","post","type-post","status-publish","format-standard","has-post-thumbnail","hentry","category-cdmx","category-destacado"],"_links":{"self":[{"href":"https:\/\/elinformante.mx\/index.php?rest_route=\/wp\/v2\/posts\/82520","targetHints":{"allow":["GET"]}}],"collection":[{"href":"https:\/\/elinformante.mx\/index.php?rest_route=\/wp\/v2\/posts"}],"about":[{"href":"https:\/\/elinformante.mx\/index.php?rest_route=\/wp\/v2\/types\/post"}],"author":[{"embeddable":true,"href":"https:\/\/elinformante.mx\/index.php?rest_route=\/wp\/v2\/users\/1"}],"replies":[{"embeddable":true,"href":"https:\/\/elinformante.mx\/index.php?rest_route=%2Fwp%2Fv2%2Fcomments&post=82520"}],"version-history":[{"count":0,"href":"https:\/\/elinformante.mx\/index.php?rest_route=\/wp\/v2\/posts\/82520\/revisions"}],"wp:featuredmedia":[{"embeddable":true,"href":"https:\/\/elinformante.mx\/index.php?rest_route=\/wp\/v2\/media\/82522"}],"wp:attachment":[{"href":"https:\/\/elinformante.mx\/index.php?rest_route=%2Fwp%2Fv2%2Fmedia&parent=82520"}],"wp:term":[{"taxonomy":"category","embeddable":true,"href":"https:\/\/elinformante.mx\/index.php?rest_route=%2Fwp%2Fv2%2Fcategories&post=82520"},{"taxonomy":"post_tag","embeddable":true,"href":"https:\/\/elinformante.mx\/index.php?rest_route=%2Fwp%2Fv2%2Ftags&post=82520"}],"curies":[{"name":"wp","href":"https:\/\/api.w.org\/{rel}","templated":true}]}}