{"id":82525,"date":"2025-05-06T06:42:35","date_gmt":"2025-05-06T12:42:35","guid":{"rendered":"https:\/\/elinformante.mx\/?p=82525"},"modified":"2025-05-06T06:42:37","modified_gmt":"2025-05-06T12:42:37","slug":"sera-sede-baja-california-del-4to-foro-internacional-agroindustrial-2025-marina-del-pilar","status":"publish","type":"post","link":"https:\/\/elinformante.mx\/?p=82525","title":{"rendered":"Ser\u00e1 sede Baja California del 4to Foro Internacional Agroindustrial 2025: Marina del Pilar"},"content":{"rendered":"\n<figure class=\"wp-block-pullquote\"><blockquote><p>La entidad forma parte de la megaregi\u00f3n Cali-Baja, una de las zonas binacionales m\u00e1s din\u00e1micas del mundo.<\/p><\/blockquote><\/figure>\n\n\n\n<p class=\"has-drop-cap\">Por primera vez en su historia, el Foro Internacional Agroindustrial (FIA) se realizar\u00e1 fuera de la Ciudad de M\u00e9xico, y Baja California ha sido elegida como sede de su cuarta edici\u00f3n, que se llevar\u00e1 a cabo del 12 al 14 de junio de 2025 en el CEART Mexicali, con la participaci\u00f3n de m\u00e1s de 150 empresas, 27 embajadas y una proyecci\u00f3n internacional sin precedentes.<br><\/p>\n\n\n\n<p>La gobernadora Marina del Pilar Avila Olmeda celebr\u00f3 que este evento de talla mundial llegue al norte del pa\u00eds, reconociendo el papel estrat\u00e9gico que juega Baja California en la agroindustria nacional y global, gracias a su ubicaci\u00f3n fronteriza, su capacidad exportadora y su dinamismo empresarial.<br><\/p>\n\n\n\n<figure class=\"wp-block-image size-large\"><img fetchpriority=\"high\" decoding=\"async\" width=\"1024\" height=\"506\" src=\"https:\/\/elinformante.mx\/wp-content\/uploads\/2025\/05\/4baja-1024x506.jpg\" alt=\"\" class=\"wp-image-82527\" srcset=\"https:\/\/elinformante.mx\/wp-content\/uploads\/2025\/05\/4baja-1024x506.jpg 1024w, https:\/\/elinformante.mx\/wp-content\/uploads\/2025\/05\/4baja-300x148.jpg 300w, https:\/\/elinformante.mx\/wp-content\/uploads\/2025\/05\/4baja-768x379.jpg 768w, https:\/\/elinformante.mx\/wp-content\/uploads\/2025\/05\/4baja.jpg 1140w\" sizes=\"(max-width: 1024px) 100vw, 1024px\" \/><\/figure>\n\n\n\n<p>\u201cNos llena de orgullo recibir este importante foro en nuestra tierra. Baja California es la puerta al mundo agroalimentario, y esta ser\u00e1 una gran oportunidad para fortalecer la cadena de valor, atraer inversiones y proyectar el talento de nuestras y nuestros productores\u201d, expres\u00f3 la mandataria estatal.<br><\/p>\n\n\n\n<p>La entidad forma parte de la megaregi\u00f3n Cali-Baja, una de las zonas binacionales m\u00e1s din\u00e1micas del mundo, donde se integran las capacidades econ\u00f3micas, log\u00edsticas y de innovaci\u00f3n del sur de California y el noroeste de M\u00e9xico. En ese contexto, Baja California representa un punto estrat\u00e9gico para el comercio agroindustrial, al fungir como puente entre Am\u00e9rica Latina, Estados Unidos y el resto del mundo.<br><\/p>\n\n\n\n<p>El FIA 2025 incluir\u00e1 un centro de negocios, seis conferencias magistrales, ocho seminarios sobre comercio y gesti\u00f3n, as\u00ed como un pabell\u00f3n con m\u00e1s de 150 expositores nacionales e internacionales. Tambi\u00e9n se contar\u00e1 con muestras gastron\u00f3micas, presentaciones musicales y la presencia de representantes diplom\u00e1ticos que impulsar\u00e1n nuevas rutas de exportaci\u00f3n.<\/p>\n","protected":false},"excerpt":{"rendered":"<p>La entidad forma parte de la megaregi\u00f3n Cali-Baja, una de las zonas binacionales m\u00e1s din\u00e1micas del mundo. Por primera vez en su historia, el Foro Internacional Agroindustrial (FIA) se realizar\u00e1 fuera de la Ciudad de M\u00e9xico, y Baja California ha sido elegida como sede de su cuarta edici\u00f3n, que se llevar\u00e1 a cabo del 12 [&hellip;]<\/p>\n","protected":false},"author":1,"featured_media":82526,"comment_status":"closed","ping_status":"closed","sticky":false,"template":"","format":"standard","meta":{"footnotes":""},"categories":[34],"tags":[],"class_list":["post-82525","post","type-post","status-publish","format-standard","has-post-thumbnail","hentry","category-nacional"],"_links":{"self":[{"href":"https:\/\/elinformante.mx\/index.php?rest_route=\/wp\/v2\/posts\/82525","targetHints":{"allow":["GET"]}}],"collection":[{"href":"https:\/\/elinformante.mx\/index.php?rest_route=\/wp\/v2\/posts"}],"about":[{"href":"https:\/\/elinformante.mx\/index.php?rest_route=\/wp\/v2\/types\/post"}],"author":[{"embeddable":true,"href":"https:\/\/elinformante.mx\/index.php?rest_route=\/wp\/v2\/users\/1"}],"replies":[{"embeddable":true,"href":"https:\/\/elinformante.mx\/index.php?rest_route=%2Fwp%2Fv2%2Fcomments&post=82525"}],"version-history":[{"count":0,"href":"https:\/\/elinformante.mx\/index.php?rest_route=\/wp\/v2\/posts\/82525\/revisions"}],"wp:featuredmedia":[{"embeddable":true,"href":"https:\/\/elinformante.mx\/index.php?rest_route=\/wp\/v2\/media\/82526"}],"wp:attachment":[{"href":"https:\/\/elinformante.mx\/index.php?rest_route=%2Fwp%2Fv2%2Fmedia&parent=82525"}],"wp:term":[{"taxonomy":"category","embeddable":true,"href":"https:\/\/elinformante.mx\/index.php?rest_route=%2Fwp%2Fv2%2Fcategories&post=82525"},{"taxonomy":"post_tag","embeddable":true,"href":"https:\/\/elinformante.mx\/index.php?rest_route=%2Fwp%2Fv2%2Ftags&post=82525"}],"curies":[{"name":"wp","href":"https:\/\/api.w.org\/{rel}","templated":true}]}}