{"id":82566,"date":"2025-05-06T15:51:49","date_gmt":"2025-05-06T21:51:49","guid":{"rendered":"https:\/\/elinformante.mx\/?p=82566"},"modified":"2025-05-06T15:51:50","modified_gmt":"2025-05-06T21:51:50","slug":"sheinbaum-resalta-la-buena-relacion-que-hay-entre-mexico-y-eu","status":"publish","type":"post","link":"https:\/\/elinformante.mx\/?p=82566","title":{"rendered":"SHEINBAUM RESALTA LA BUENA RELACI\u00d3N QUE HAY ENTRE M\u00c9XICO Y EU"},"content":{"rendered":"\n<p>En la conferencia matutina de este d\u00eda, la presidenta Claudia Sheinbaum Pardo, enalteci\u00f3 la relaci\u00f3n de M\u00e9xico con EU y asegur\u00f3 que nuestro pa\u00eds tiene una mejor situaci\u00f3n que otros pa\u00edses debido al tratado comercial.<\/p>\n\n\n\n<p>Sheinbaum, indic\u00f3 que existe una colaboraci\u00f3n estrecha en materia de seguridad, destacando el compromiso reciente de Trump de aplicar una pol\u00edtica de \u201cmano dura\u201d contra el tr\u00e1fico de armas hacia M\u00e9xico.<\/p>\n","protected":false},"excerpt":{"rendered":"<p>En la conferencia matutina de este d\u00eda, la presidenta Claudia Sheinbaum Pardo, enalteci\u00f3 la relaci\u00f3n de M\u00e9xico con EU y asegur\u00f3 que nuestro pa\u00eds tiene una mejor situaci\u00f3n que otros pa\u00edses debido al tratado comercial. Sheinbaum, indic\u00f3 que existe una colaboraci\u00f3n estrecha en materia de seguridad, destacando el compromiso reciente de Trump de aplicar una [&hellip;]<\/p>\n","protected":false},"author":2,"featured_media":82567,"comment_status":"closed","ping_status":"closed","sticky":false,"template":"","format":"standard","meta":{"footnotes":""},"categories":[33,34],"tags":[],"class_list":["post-82566","post","type-post","status-publish","format-standard","has-post-thumbnail","hentry","category-mundo","category-nacional"],"_links":{"self":[{"href":"https:\/\/elinformante.mx\/index.php?rest_route=\/wp\/v2\/posts\/82566","targetHints":{"allow":["GET"]}}],"collection":[{"href":"https:\/\/elinformante.mx\/index.php?rest_route=\/wp\/v2\/posts"}],"about":[{"href":"https:\/\/elinformante.mx\/index.php?rest_route=\/wp\/v2\/types\/post"}],"author":[{"embeddable":true,"href":"https:\/\/elinformante.mx\/index.php?rest_route=\/wp\/v2\/users\/2"}],"replies":[{"embeddable":true,"href":"https:\/\/elinformante.mx\/index.php?rest_route=%2Fwp%2Fv2%2Fcomments&post=82566"}],"version-history":[{"count":0,"href":"https:\/\/elinformante.mx\/index.php?rest_route=\/wp\/v2\/posts\/82566\/revisions"}],"wp:featuredmedia":[{"embeddable":true,"href":"https:\/\/elinformante.mx\/index.php?rest_route=\/wp\/v2\/media\/82567"}],"wp:attachment":[{"href":"https:\/\/elinformante.mx\/index.php?rest_route=%2Fwp%2Fv2%2Fmedia&parent=82566"}],"wp:term":[{"taxonomy":"category","embeddable":true,"href":"https:\/\/elinformante.mx\/index.php?rest_route=%2Fwp%2Fv2%2Fcategories&post=82566"},{"taxonomy":"post_tag","embeddable":true,"href":"https:\/\/elinformante.mx\/index.php?rest_route=%2Fwp%2Fv2%2Ftags&post=82566"}],"curies":[{"name":"wp","href":"https:\/\/api.w.org\/{rel}","templated":true}]}}