{"id":82573,"date":"2025-05-06T15:55:36","date_gmt":"2025-05-06T21:55:36","guid":{"rendered":"https:\/\/elinformante.mx\/?p=82573"},"modified":"2025-05-06T15:55:37","modified_gmt":"2025-05-06T21:55:37","slug":"adrian-rubalcava-nuevo-director-del-metro-de-cdmx","status":"publish","type":"post","link":"https:\/\/elinformante.mx\/?p=82573","title":{"rendered":"ADRI\u00c1N RUBALCAVA NUEVO DIRECTOR DEL METRO DE CDMX"},"content":{"rendered":"\n<p>La jefa de Gobierno de CDMX, Clara Brugada, , confirm\u00f3 el nombramiento de Adri\u00e1n Rubalcava Su\u00e1rez, como nuevo director general del Sistema de Transporte Colectivo Metro, en sustituci\u00f3n de Guillermo Calder\u00f3n.<\/p>\n\n\n\n<p>El gobierno de CDMX, se\u00f1al\u00f3 que Rubalcava tiene la instrucci\u00f3n de continuar con la modernizaci\u00f3n y renovaci\u00f3n del Metro capitalino.<\/p>\n","protected":false},"excerpt":{"rendered":"<p>La jefa de Gobierno de CDMX, Clara Brugada, , confirm\u00f3 el nombramiento de Adri\u00e1n Rubalcava Su\u00e1rez, como nuevo director general del Sistema de Transporte Colectivo Metro, en sustituci\u00f3n de Guillermo Calder\u00f3n. El gobierno de CDMX, se\u00f1al\u00f3 que Rubalcava tiene la instrucci\u00f3n de continuar con la modernizaci\u00f3n y renovaci\u00f3n del Metro capitalino.<\/p>\n","protected":false},"author":2,"featured_media":82574,"comment_status":"closed","ping_status":"closed","sticky":false,"template":"","format":"standard","meta":{"footnotes":""},"categories":[35],"tags":[],"class_list":["post-82573","post","type-post","status-publish","format-standard","has-post-thumbnail","hentry","category-cdmx"],"_links":{"self":[{"href":"https:\/\/elinformante.mx\/index.php?rest_route=\/wp\/v2\/posts\/82573","targetHints":{"allow":["GET"]}}],"collection":[{"href":"https:\/\/elinformante.mx\/index.php?rest_route=\/wp\/v2\/posts"}],"about":[{"href":"https:\/\/elinformante.mx\/index.php?rest_route=\/wp\/v2\/types\/post"}],"author":[{"embeddable":true,"href":"https:\/\/elinformante.mx\/index.php?rest_route=\/wp\/v2\/users\/2"}],"replies":[{"embeddable":true,"href":"https:\/\/elinformante.mx\/index.php?rest_route=%2Fwp%2Fv2%2Fcomments&post=82573"}],"version-history":[{"count":0,"href":"https:\/\/elinformante.mx\/index.php?rest_route=\/wp\/v2\/posts\/82573\/revisions"}],"wp:featuredmedia":[{"embeddable":true,"href":"https:\/\/elinformante.mx\/index.php?rest_route=\/wp\/v2\/media\/82574"}],"wp:attachment":[{"href":"https:\/\/elinformante.mx\/index.php?rest_route=%2Fwp%2Fv2%2Fmedia&parent=82573"}],"wp:term":[{"taxonomy":"category","embeddable":true,"href":"https:\/\/elinformante.mx\/index.php?rest_route=%2Fwp%2Fv2%2Fcategories&post=82573"},{"taxonomy":"post_tag","embeddable":true,"href":"https:\/\/elinformante.mx\/index.php?rest_route=%2Fwp%2Fv2%2Ftags&post=82573"}],"curies":[{"name":"wp","href":"https:\/\/api.w.org\/{rel}","templated":true}]}}