{"id":82758,"date":"2025-05-08T06:18:06","date_gmt":"2025-05-08T12:18:06","guid":{"rendered":"https:\/\/elinformante.mx\/?p=82758"},"modified":"2025-05-12T02:38:13","modified_gmt":"2025-05-12T08:38:13","slug":"en-edomex-inicia-pago-de-pensiones-para-el-bienestar","status":"publish","type":"post","link":"https:\/\/elinformante.mx\/?p=82758","title":{"rendered":"En Edom\u00e9x inicia pago de pensiones para el Bienestar"},"content":{"rendered":"\n<figure class=\"wp-block-pullquote\"><blockquote><p>-Del 7 al 30 de mayo de 2025 se dispersar\u00e1n los recursos que garantizan el bienestar de adultos mayores, personas con discapacidad permanente y mujeres de 60 a 64 a\u00f1os.<\/p><\/blockquote><\/figure>\n\n\n\n<p class=\"has-drop-cap\">En un esfuerzo coordinado para transformar la vida de quienes m\u00e1s lo requieren, el Gobierno de M\u00e9xico, a trav\u00e9s de la Secretar\u00eda de Bienestar federal, anunci\u00f3 el arranque del pago correspondiente al bimestre mayo-junio de las Pensiones para el Bienestar de las Personas Adultas Mayores, Personas con Discapacidad Permanente y Mujeres Bienestar en todo el Estado de M\u00e9xico.<br><\/p>\n\n\n\n<p>Estos programas, emblemas de justicia social y derechos garantizados, benefician directamente a tres sectores fundamentales:<br><\/p>\n\n\n\n<p>Personas mayores de 65 a\u00f1os, quienes reciben 6 mil 200 pesos.<br><\/p>\n\n\n\n<p>Personas de 0 a 64 a\u00f1os con discapacidad permanente, con un apoyo de 3 mil 100 pesos.<br><\/p>\n\n\n\n<p>Mujeres de 60 a 64 a\u00f1os, con un respaldo econ\u00f3mico de 3 mil pesos.<br><\/p>\n\n\n\n<p>Con estas acciones, el Gobierno federal y estatal ratifican su compromiso de reducir desigualdades, garantizar derechos y transformar las condiciones de vida de la poblaci\u00f3n m\u00e1s vulnerable, asegurando que ning\u00fan hogar se quede atr\u00e1s.<br><\/p>\n\n\n\n<p>Los pagos se entregan de manera directa, sin intermediarios, a trav\u00e9s de los Bancos del Bienestar, fortaleciendo as\u00ed un modelo transparente y cercano a la gente. La dispersi\u00f3n de los apoyos se realizar\u00e1 conforme a la inicial del apellido paterno, de acuerdo con el siguiente calendario:<\/p>\n\n\n\n<ul class=\"wp-block-list\">\n<li>A Mi\u00e9rcoles 7 de mayo<\/li>\n\n\n\n<li>B Jueves 8 de mayo<\/li>\n\n\n\n<li>C Viernes 9 y lunes 12 de mayo<\/li>\n\n\n\n<li>D, E, F Martes 13 de mayo<\/li>\n\n\n\n<li>G Mi\u00e9rcoles 14 y jueves 15 de mayo<\/li>\n\n\n\n<li>H, I, J, K Viernes 16 de mayo<\/li>\n\n\n\n<li>L Lunes 19 de mayo<\/li>\n\n\n\n<li>M Martes 20 y mi\u00e9rcoles 21 de mayo<\/li>\n\n\n\n<li>N, \u00d1, O Jueves 22 de mayo<\/li>\n\n\n\n<li>P, Q Viernes 23 de mayo<\/li>\n\n\n\n<li>R Lunes 26 y martes 27 de mayo<\/li>\n\n\n\n<li>S Mi\u00e9rcoles 28 de mayo<\/li>\n\n\n\n<li>T, U, V Jueves 29 de mayo<\/li>\n\n\n\n<li>W, X, Y, Z Viernes 30 de mayo<\/li>\n<\/ul>\n\n\n\n<p>A partir de la fecha asignada, las personas beneficiarias podr\u00e1n disponer libremente de sus recursos para cubrir sus necesidades b\u00e1sicas, asimismo, el Gobierno del Estado de M\u00e9xico reafirma que seguir\u00e1 trabajando de la mano con el Gobierno de M\u00e9xico, sumando esfuerzos para construir un presente y un futuro m\u00e1s justo, inclusivo y solidario para todas y todos los mexiquenses.<\/p>\n","protected":false},"excerpt":{"rendered":"<p>-Del 7 al 30 de mayo de 2025 se dispersar\u00e1n los recursos que garantizan el bienestar de adultos mayores, personas con discapacidad permanente y mujeres de 60 a 64 a\u00f1os. En un esfuerzo coordinado para transformar la vida de quienes m\u00e1s lo requieren, el Gobierno de M\u00e9xico, a trav\u00e9s de la Secretar\u00eda de Bienestar federal, [&hellip;]<\/p>\n","protected":false},"author":1,"featured_media":82759,"comment_status":"closed","ping_status":"closed","sticky":false,"template":"","format":"standard","meta":{"footnotes":""},"categories":[30,36],"tags":[],"class_list":["post-82758","post","type-post","status-publish","format-standard","has-post-thumbnail","hentry","category-destacado","category-edomex"],"_links":{"self":[{"href":"https:\/\/elinformante.mx\/index.php?rest_route=\/wp\/v2\/posts\/82758","targetHints":{"allow":["GET"]}}],"collection":[{"href":"https:\/\/elinformante.mx\/index.php?rest_route=\/wp\/v2\/posts"}],"about":[{"href":"https:\/\/elinformante.mx\/index.php?rest_route=\/wp\/v2\/types\/post"}],"author":[{"embeddable":true,"href":"https:\/\/elinformante.mx\/index.php?rest_route=\/wp\/v2\/users\/1"}],"replies":[{"embeddable":true,"href":"https:\/\/elinformante.mx\/index.php?rest_route=%2Fwp%2Fv2%2Fcomments&post=82758"}],"version-history":[{"count":0,"href":"https:\/\/elinformante.mx\/index.php?rest_route=\/wp\/v2\/posts\/82758\/revisions"}],"wp:featuredmedia":[{"embeddable":true,"href":"https:\/\/elinformante.mx\/index.php?rest_route=\/wp\/v2\/media\/82759"}],"wp:attachment":[{"href":"https:\/\/elinformante.mx\/index.php?rest_route=%2Fwp%2Fv2%2Fmedia&parent=82758"}],"wp:term":[{"taxonomy":"category","embeddable":true,"href":"https:\/\/elinformante.mx\/index.php?rest_route=%2Fwp%2Fv2%2Fcategories&post=82758"},{"taxonomy":"post_tag","embeddable":true,"href":"https:\/\/elinformante.mx\/index.php?rest_route=%2Fwp%2Fv2%2Ftags&post=82758"}],"curies":[{"name":"wp","href":"https:\/\/api.w.org\/{rel}","templated":true}]}}