{"id":82785,"date":"2025-05-08T06:50:06","date_gmt":"2025-05-08T12:50:06","guid":{"rendered":"https:\/\/elinformante.mx\/?p=82785"},"modified":"2025-05-12T02:38:05","modified_gmt":"2025-05-12T08:38:05","slug":"evelyn-salgado-comienza-celebracion-de-madres-trabajadoras-de-guerrero","status":"publish","type":"post","link":"https:\/\/elinformante.mx\/?p=82785","title":{"rendered":"Evelyn Salgado comienza celebraci\u00f3n de madres trabajadoras de Guerrero"},"content":{"rendered":"\n<figure class=\"wp-block-pullquote\"><blockquote><p>La gobernadora y el fiscal Zipacn\u00e1 Torres honran la labor y compromiso de las madres con emotivo evento<\/p><\/blockquote><\/figure>\n\n\n\n<p class=\"has-drop-cap\">Con un evento lleno de alegr\u00eda, m\u00fasica y reconocimiento a su labor diaria, la gobernadora Evelyn Salgado Pineda y el fiscal del estado, Zipacn\u00e1 Torres Ojeda, celebraron a las madres trabajadoras de la Fiscal\u00eda General de Guerrero, donde refrend\u00f3 su compromiso de seguir trabajando por un Guerrero santuario para las mujeres.<br><\/p>\n\n\n\n<p>La mandataria estatal reconoci\u00f3 con este emotivo homenaje a las mujeres que d\u00eda con d\u00eda desempe\u00f1an un doble papel: El de servidoras p\u00fablicas comprometidas con la justicia y el de madres entregadas a sus familias.<br><\/p>\n\n\n\n<p>\u201cMujeres valientes, trabajadoras fuertes, que adem\u00e1s de servir a Guerrero con compromiso y profesionalismo tambi\u00e9n cumple con el m\u00e1s grande rol que tenemos y una gran responsabilidad que es ser madres\u201d, expres\u00f3 la mandataria guerrerense.<br><\/p>\n\n\n\n<p>La gobernadora Evelyn Salgado record\u00f3 que en la Fiscal\u00eda General del Estado hay mujeres fuertes, comprometidas y con un amor infinito que gu\u00eda tanto su vida familiar como su vocaci\u00f3n de servicio.<br><\/p>\n\n\n\n<p>Dijo que cada esfuerzo rinde frutos, cada desvelo, cada decisi\u00f3n dif\u00edcil tiene un sentido muy alto, que es el bienestar y la felicidad de sus hijas e hijos.<br><\/p>\n\n\n\n<p>Salgado destac\u00f3 el valor y la fortaleza de las madres guerrerenses, especialmente de aquellas que forman parte del sistema de procuraci\u00f3n de justicia, reconociendo su entrega, profesionalismo y sensibilidad.<br><\/p>\n\n\n\n<p>Durante el evento, las asistentes fueron agasajadas con m\u00fasica de mariachi, pastel, regalos y palabras de reconocimiento por su incansable labor.<br><\/p>\n\n\n\n<p>La gobernadora parti\u00f3 el tradicional pastel con motivo del D\u00eda de las Madres en las instalaciones de la Fiscal\u00eda General del Estado, donde estuvieron presentes la presidenta del Sistema DIF Guerrero, Liz Salgado Pineda y la presidenta de la Comisi\u00f3n de Derechos Humanos del Estado, Cecilia Narciso Gayt\u00e1n.<\/p>\n","protected":false},"excerpt":{"rendered":"<p>La gobernadora y el fiscal Zipacn\u00e1 Torres honran la labor y compromiso de las madres con emotivo evento Con un evento lleno de alegr\u00eda, m\u00fasica y reconocimiento a su labor diaria, la gobernadora Evelyn Salgado Pineda y el fiscal del estado, Zipacn\u00e1 Torres Ojeda, celebraron a las madres trabajadoras de la Fiscal\u00eda General de Guerrero, [&hellip;]<\/p>\n","protected":false},"author":1,"featured_media":82786,"comment_status":"closed","ping_status":"closed","sticky":false,"template":"","format":"standard","meta":{"footnotes":""},"categories":[30,34],"tags":[],"class_list":["post-82785","post","type-post","status-publish","format-standard","has-post-thumbnail","hentry","category-destacado","category-nacional"],"_links":{"self":[{"href":"https:\/\/elinformante.mx\/index.php?rest_route=\/wp\/v2\/posts\/82785","targetHints":{"allow":["GET"]}}],"collection":[{"href":"https:\/\/elinformante.mx\/index.php?rest_route=\/wp\/v2\/posts"}],"about":[{"href":"https:\/\/elinformante.mx\/index.php?rest_route=\/wp\/v2\/types\/post"}],"author":[{"embeddable":true,"href":"https:\/\/elinformante.mx\/index.php?rest_route=\/wp\/v2\/users\/1"}],"replies":[{"embeddable":true,"href":"https:\/\/elinformante.mx\/index.php?rest_route=%2Fwp%2Fv2%2Fcomments&post=82785"}],"version-history":[{"count":0,"href":"https:\/\/elinformante.mx\/index.php?rest_route=\/wp\/v2\/posts\/82785\/revisions"}],"wp:featuredmedia":[{"embeddable":true,"href":"https:\/\/elinformante.mx\/index.php?rest_route=\/wp\/v2\/media\/82786"}],"wp:attachment":[{"href":"https:\/\/elinformante.mx\/index.php?rest_route=%2Fwp%2Fv2%2Fmedia&parent=82785"}],"wp:term":[{"taxonomy":"category","embeddable":true,"href":"https:\/\/elinformante.mx\/index.php?rest_route=%2Fwp%2Fv2%2Fcategories&post=82785"},{"taxonomy":"post_tag","embeddable":true,"href":"https:\/\/elinformante.mx\/index.php?rest_route=%2Fwp%2Fv2%2Ftags&post=82785"}],"curies":[{"name":"wp","href":"https:\/\/api.w.org\/{rel}","templated":true}]}}