{"id":82806,"date":"2025-05-08T15:23:21","date_gmt":"2025-05-08T21:23:21","guid":{"rendered":"https:\/\/elinformante.mx\/?p=82806"},"modified":"2025-05-12T02:37:58","modified_gmt":"2025-05-12T08:37:58","slug":"acusan-a-jueces-de-liberar-a-100-delincuentes","status":"publish","type":"post","link":"https:\/\/elinformante.mx\/?p=82806","title":{"rendered":"ACUSAN A JUECES DE LIBERAR A 100 DELINCUENTES"},"content":{"rendered":"\n<p>El titular de la Secretario de Seguridad y Protecci\u00f3n Ciudadana, Omar Garc\u00eda Harfuch, acus\u00f3 a jueces de cambiar las medidas cautelares para que m\u00e1s de 100 presuntos delincuentes salgan de prisi\u00f3n, esto a pesar de sus procesos por delitos de alto impacto.<\/p>\n\n\n\n<p>Harfuch, indic\u00f3 \u201cSe tiene registro de 193 determinaciones, casi 200 decisiones de \u00f3rganos jurisdiccionales que favorecieron o pretendieron beneficiar a presuntos delincuentes con traslados, liberaciones y egresos definitivos\u201d.<\/p>\n","protected":false},"excerpt":{"rendered":"<p>El titular de la Secretario de Seguridad y Protecci\u00f3n Ciudadana, Omar Garc\u00eda Harfuch, acus\u00f3 a jueces de cambiar las medidas cautelares para que m\u00e1s de 100 presuntos delincuentes salgan de prisi\u00f3n, esto a pesar de sus procesos por delitos de alto impacto. Harfuch, indic\u00f3 \u201cSe tiene registro de 193 determinaciones, casi 200 decisiones de \u00f3rganos [&hellip;]<\/p>\n","protected":false},"author":2,"featured_media":82807,"comment_status":"closed","ping_status":"closed","sticky":false,"template":"","format":"standard","meta":{"footnotes":""},"categories":[33],"tags":[],"class_list":["post-82806","post","type-post","status-publish","format-standard","has-post-thumbnail","hentry","category-mundo"],"_links":{"self":[{"href":"https:\/\/elinformante.mx\/index.php?rest_route=\/wp\/v2\/posts\/82806","targetHints":{"allow":["GET"]}}],"collection":[{"href":"https:\/\/elinformante.mx\/index.php?rest_route=\/wp\/v2\/posts"}],"about":[{"href":"https:\/\/elinformante.mx\/index.php?rest_route=\/wp\/v2\/types\/post"}],"author":[{"embeddable":true,"href":"https:\/\/elinformante.mx\/index.php?rest_route=\/wp\/v2\/users\/2"}],"replies":[{"embeddable":true,"href":"https:\/\/elinformante.mx\/index.php?rest_route=%2Fwp%2Fv2%2Fcomments&post=82806"}],"version-history":[{"count":0,"href":"https:\/\/elinformante.mx\/index.php?rest_route=\/wp\/v2\/posts\/82806\/revisions"}],"wp:featuredmedia":[{"embeddable":true,"href":"https:\/\/elinformante.mx\/index.php?rest_route=\/wp\/v2\/media\/82807"}],"wp:attachment":[{"href":"https:\/\/elinformante.mx\/index.php?rest_route=%2Fwp%2Fv2%2Fmedia&parent=82806"}],"wp:term":[{"taxonomy":"category","embeddable":true,"href":"https:\/\/elinformante.mx\/index.php?rest_route=%2Fwp%2Fv2%2Fcategories&post=82806"},{"taxonomy":"post_tag","embeddable":true,"href":"https:\/\/elinformante.mx\/index.php?rest_route=%2Fwp%2Fv2%2Ftags&post=82806"}],"curies":[{"name":"wp","href":"https:\/\/api.w.org\/{rel}","templated":true}]}}