{"id":82809,"date":"2025-05-08T15:24:39","date_gmt":"2025-05-08T21:24:39","guid":{"rendered":"https:\/\/elinformante.mx\/?p=82809"},"modified":"2025-05-12T02:37:58","modified_gmt":"2025-05-12T08:37:58","slug":"el-primer-mensaje-de-leon-xiv","status":"publish","type":"post","link":"https:\/\/elinformante.mx\/?p=82809","title":{"rendered":"EL PRIMER MENSAJE DE LE\u00d3N XIV"},"content":{"rendered":"\n<p>Robert Francis Prevost, ahora conocido como Le\u00f3n XIV, dio su primer discurso en el balc\u00f3n del #Vaticano y entre sus palabras asegur\u00f3 que el mal no va a prevalecer.<\/p>\n\n\n\n<p>Le\u00f3n XIV, indic\u00f3 que hay que ir todos en manos de Dios y avanzar. Tambi\u00e9n, mencion\u00f3 \u201cSeamos disc\u00edpulos de Cristo. Nos precede y el mundo necesita de luz. La humanidad necesita de \u00e9l como puente para ser alcanzado por Dios con su amor\u201d.<\/p>\n","protected":false},"excerpt":{"rendered":"<p>Robert Francis Prevost, ahora conocido como Le\u00f3n XIV, dio su primer discurso en el balc\u00f3n del #Vaticano y entre sus palabras asegur\u00f3 que el mal no va a prevalecer. Le\u00f3n XIV, indic\u00f3 que hay que ir todos en manos de Dios y avanzar. Tambi\u00e9n, mencion\u00f3 \u201cSeamos disc\u00edpulos de Cristo. Nos precede y el mundo necesita [&hellip;]<\/p>\n","protected":false},"author":2,"featured_media":82810,"comment_status":"closed","ping_status":"closed","sticky":false,"template":"","format":"standard","meta":{"footnotes":""},"categories":[33],"tags":[],"class_list":["post-82809","post","type-post","status-publish","format-standard","has-post-thumbnail","hentry","category-mundo"],"_links":{"self":[{"href":"https:\/\/elinformante.mx\/index.php?rest_route=\/wp\/v2\/posts\/82809","targetHints":{"allow":["GET"]}}],"collection":[{"href":"https:\/\/elinformante.mx\/index.php?rest_route=\/wp\/v2\/posts"}],"about":[{"href":"https:\/\/elinformante.mx\/index.php?rest_route=\/wp\/v2\/types\/post"}],"author":[{"embeddable":true,"href":"https:\/\/elinformante.mx\/index.php?rest_route=\/wp\/v2\/users\/2"}],"replies":[{"embeddable":true,"href":"https:\/\/elinformante.mx\/index.php?rest_route=%2Fwp%2Fv2%2Fcomments&post=82809"}],"version-history":[{"count":0,"href":"https:\/\/elinformante.mx\/index.php?rest_route=\/wp\/v2\/posts\/82809\/revisions"}],"wp:featuredmedia":[{"embeddable":true,"href":"https:\/\/elinformante.mx\/index.php?rest_route=\/wp\/v2\/media\/82810"}],"wp:attachment":[{"href":"https:\/\/elinformante.mx\/index.php?rest_route=%2Fwp%2Fv2%2Fmedia&parent=82809"}],"wp:term":[{"taxonomy":"category","embeddable":true,"href":"https:\/\/elinformante.mx\/index.php?rest_route=%2Fwp%2Fv2%2Fcategories&post=82809"},{"taxonomy":"post_tag","embeddable":true,"href":"https:\/\/elinformante.mx\/index.php?rest_route=%2Fwp%2Fv2%2Ftags&post=82809"}],"curies":[{"name":"wp","href":"https:\/\/api.w.org\/{rel}","templated":true}]}}