{"id":82812,"date":"2025-05-08T15:26:38","date_gmt":"2025-05-08T21:26:38","guid":{"rendered":"https:\/\/elinformante.mx\/?p=82812"},"modified":"2025-05-12T02:37:57","modified_gmt":"2025-05-12T08:37:57","slug":"sheinbaum-envia-mensaje-de-felicitacion-a-leon-xiv","status":"publish","type":"post","link":"https:\/\/elinformante.mx\/?p=82812","title":{"rendered":"SHEINBAUM ENV\u00cdA MENSAJE DE FELICITACI\u00d3N A LE\u00d3N XIV"},"content":{"rendered":"\n<p>Mediante X, la mandataria de M\u00e9xico, Claudia Sheinbaum Pardo , envi\u00f3 un mensaje de felicitaci\u00f3n a su santidad Le\u00f3n XIV, recientemente electo como nuevo l\u00edder de la Iglesia cat\u00f3lica.<\/p>\n\n\n\n<p>Sheinbaum, escribi\u00f3 \u201cFelicitamos a su santidad Le\u00f3n XIV, electo por el Colegio Cardenalicio como jefe del Estado de la Ciudad del Vaticano y l\u00edder espiritual de la Iglesia cat\u00f3lica. Ratifico nuestra convergencia humanista a favor de la paz y la prosperidad del mundo\u201d.<\/p>\n","protected":false},"excerpt":{"rendered":"<p>Mediante X, la mandataria de M\u00e9xico, Claudia Sheinbaum Pardo , envi\u00f3 un mensaje de felicitaci\u00f3n a su santidad Le\u00f3n XIV, recientemente electo como nuevo l\u00edder de la Iglesia cat\u00f3lica. Sheinbaum, escribi\u00f3 \u201cFelicitamos a su santidad Le\u00f3n XIV, electo por el Colegio Cardenalicio como jefe del Estado de la Ciudad del Vaticano y l\u00edder espiritual de [&hellip;]<\/p>\n","protected":false},"author":2,"featured_media":82813,"comment_status":"closed","ping_status":"closed","sticky":false,"template":"","format":"standard","meta":{"footnotes":""},"categories":[33,34],"tags":[],"class_list":["post-82812","post","type-post","status-publish","format-standard","has-post-thumbnail","hentry","category-mundo","category-nacional"],"_links":{"self":[{"href":"https:\/\/elinformante.mx\/index.php?rest_route=\/wp\/v2\/posts\/82812","targetHints":{"allow":["GET"]}}],"collection":[{"href":"https:\/\/elinformante.mx\/index.php?rest_route=\/wp\/v2\/posts"}],"about":[{"href":"https:\/\/elinformante.mx\/index.php?rest_route=\/wp\/v2\/types\/post"}],"author":[{"embeddable":true,"href":"https:\/\/elinformante.mx\/index.php?rest_route=\/wp\/v2\/users\/2"}],"replies":[{"embeddable":true,"href":"https:\/\/elinformante.mx\/index.php?rest_route=%2Fwp%2Fv2%2Fcomments&post=82812"}],"version-history":[{"count":0,"href":"https:\/\/elinformante.mx\/index.php?rest_route=\/wp\/v2\/posts\/82812\/revisions"}],"wp:featuredmedia":[{"embeddable":true,"href":"https:\/\/elinformante.mx\/index.php?rest_route=\/wp\/v2\/media\/82813"}],"wp:attachment":[{"href":"https:\/\/elinformante.mx\/index.php?rest_route=%2Fwp%2Fv2%2Fmedia&parent=82812"}],"wp:term":[{"taxonomy":"category","embeddable":true,"href":"https:\/\/elinformante.mx\/index.php?rest_route=%2Fwp%2Fv2%2Fcategories&post=82812"},{"taxonomy":"post_tag","embeddable":true,"href":"https:\/\/elinformante.mx\/index.php?rest_route=%2Fwp%2Fv2%2Ftags&post=82812"}],"curies":[{"name":"wp","href":"https:\/\/api.w.org\/{rel}","templated":true}]}}