{"id":82836,"date":"2025-05-09T06:02:31","date_gmt":"2025-05-09T12:02:31","guid":{"rendered":"https:\/\/elinformante.mx\/?p=82836"},"modified":"2025-05-12T02:37:52","modified_gmt":"2025-05-12T08:37:52","slug":"son-sentenciados-a-10-anos-de-prision-seis-implicados-en-el-homicidio-de-un-hombre-en-chimalhuacan","status":"publish","type":"post","link":"https:\/\/elinformante.mx\/?p=82836","title":{"rendered":"Son sentenciados a 10 a\u00f1os de prisi\u00f3n seis implicados en el homicidio de un hombre en Chimalhuac\u00e1n"},"content":{"rendered":"\n<figure class=\"wp-block-pullquote\"><blockquote><p>Los hechos se registraron el 16 de septiembre del a\u00f1o 2020, en la colonia Luis C\u00f3rdova Reyes.<\/p><\/blockquote><\/figure>\n\n\n\n<p class=\"has-drop-cap\">Fueron sentenciados Brayan David Ram\u00edrez Curiel, Fernando Tavares Ruiz, Juan Blas Tavares Ruiz, Catalina Tavares Ruiz, Sandibel Tavares Ruiz y Maricela Mota Zaragoza, a 10 a\u00f1os de prisi\u00f3n, una vez que la FGJEM acredit\u00f3 su intervenci\u00f3n en un homicidio perpetrado en el a\u00f1o 2020 en esta regi\u00f3n de la entidad.<br><\/p>\n\n\n\n<p>Tras revisar las pruebas recabadas, aportadas y expuestas por el Agente del Ministerio P\u00fablico, se emiti\u00f3 esta sentencia de condena contra estas seis personas, adem\u00e1s les fij\u00f3 multa de 123 mil 220 pesos y 267 mil 661 pesos como reparaci\u00f3n del da\u00f1o, en tanto que suspendi\u00f3 sus derechos civiles y pol\u00edticos.<br><\/p>\n\n\n\n<p>La Fiscal\u00eda precisaron que el d\u00eda 16 de septiembre de ese a\u00f1o, la v\u00edctima se encontraba con dos de sus vecinos conversando en calles de la colonia Luis C\u00f3rdova Reyes en el municipio de Chimalhuac\u00e1n, lugar al que arribaron los ahora sentenciados, quienes golpearon a esta persona, ocasion\u00e1ndole la muerte por traumatismo craneoencef\u00e1lico.<br><\/p>\n\n\n\n<p>Tras las investigaciones por este homicidio fueron detenidos los responsables, mismos que fueron ingresados al Centro Penitenciario y de Reinserci\u00f3n Social de Nezahualc\u00f3yotl, en donde quedaron a disposici\u00f3n de un Juez, autoridad que tras proceso legal, les dict\u00f3 esta sentencia de condena.<\/p>\n","protected":false},"excerpt":{"rendered":"<p>Los hechos se registraron el 16 de septiembre del a\u00f1o 2020, en la colonia Luis C\u00f3rdova Reyes. Fueron sentenciados Brayan David Ram\u00edrez Curiel, Fernando Tavares Ruiz, Juan Blas Tavares Ruiz, Catalina Tavares Ruiz, Sandibel Tavares Ruiz y Maricela Mota Zaragoza, a 10 a\u00f1os de prisi\u00f3n, una vez que la FGJEM acredit\u00f3 su intervenci\u00f3n en un [&hellip;]<\/p>\n","protected":false},"author":1,"featured_media":82837,"comment_status":"closed","ping_status":"closed","sticky":false,"template":"","format":"standard","meta":{"footnotes":""},"categories":[36,37],"tags":[],"class_list":["post-82836","post","type-post","status-publish","format-standard","has-post-thumbnail","hentry","category-edomex","category-justicia"],"_links":{"self":[{"href":"https:\/\/elinformante.mx\/index.php?rest_route=\/wp\/v2\/posts\/82836","targetHints":{"allow":["GET"]}}],"collection":[{"href":"https:\/\/elinformante.mx\/index.php?rest_route=\/wp\/v2\/posts"}],"about":[{"href":"https:\/\/elinformante.mx\/index.php?rest_route=\/wp\/v2\/types\/post"}],"author":[{"embeddable":true,"href":"https:\/\/elinformante.mx\/index.php?rest_route=\/wp\/v2\/users\/1"}],"replies":[{"embeddable":true,"href":"https:\/\/elinformante.mx\/index.php?rest_route=%2Fwp%2Fv2%2Fcomments&post=82836"}],"version-history":[{"count":0,"href":"https:\/\/elinformante.mx\/index.php?rest_route=\/wp\/v2\/posts\/82836\/revisions"}],"wp:featuredmedia":[{"embeddable":true,"href":"https:\/\/elinformante.mx\/index.php?rest_route=\/wp\/v2\/media\/82837"}],"wp:attachment":[{"href":"https:\/\/elinformante.mx\/index.php?rest_route=%2Fwp%2Fv2%2Fmedia&parent=82836"}],"wp:term":[{"taxonomy":"category","embeddable":true,"href":"https:\/\/elinformante.mx\/index.php?rest_route=%2Fwp%2Fv2%2Fcategories&post=82836"},{"taxonomy":"post_tag","embeddable":true,"href":"https:\/\/elinformante.mx\/index.php?rest_route=%2Fwp%2Fv2%2Ftags&post=82836"}],"curies":[{"name":"wp","href":"https:\/\/api.w.org\/{rel}","templated":true}]}}