{"id":82839,"date":"2025-05-09T06:03:49","date_gmt":"2025-05-09T12:03:49","guid":{"rendered":"https:\/\/elinformante.mx\/?p=82839"},"modified":"2025-05-12T02:37:50","modified_gmt":"2025-05-12T08:37:50","slug":"el-javis-y-o-aragon-fue-detenido-por-autoridades-en-el-marco-de-la-operacion-enjambre","status":"publish","type":"post","link":"https:\/\/elinformante.mx\/?p=82839","title":{"rendered":"\u201cEl Javis\u201d y\/o \u201cArag\u00f3n\u201d fue detenido por autoridades en el marco de la Operaci\u00f3n Enjambre"},"content":{"rendered":"\n<figure class=\"wp-block-pullquote\"><blockquote><p>El detenido se desempe\u00f1aba como elemento de la Direcci\u00f3n de Seguridad P\u00fablica y Tr\u00e1nsito Municipal de Nicol\u00e1s Romero y es investigado por su probable intervenci\u00f3n en el delito de homicidio calificado.<\/p><\/blockquote><\/figure>\n\n\n\n<p class=\"has-drop-cap\">Se llev\u00f3 a cabo una serie de investigaciones por parte de elementos de DEFENSA, MARINA, GN, SSEM, FGJEM, as\u00ed como polic\u00edas municipales de Atizap\u00e1n de Zaragoza y de Nicol\u00e1s Romero realizaron una serie de acciones dentro de la Operaci\u00f3n \u201cEnjambre\u201d, lograron detener a Francisco Javier \u201cN\u201d, alias \u201cEl Javis y\/o Arag\u00f3n\u201d, de 33 a\u00f1os, quien se desempe\u00f1aba como elemento de la Direcci\u00f3n de Seguridad P\u00fablica y Tr\u00e1nsito Municipal de Nicol\u00e1s Romero y es investigado por su probable intervenci\u00f3n en el delito de homicidio calificado.<br><\/p>\n\n\n\n<p>Estas acciones realizadas por la Operaci\u00f3n \u201cEnjambre\u201d hasta la fecha han logrado la detenci\u00f3n de 60 personas que trabajaban en como servidores p\u00fablicos y est\u00e1n siendo investigados por diferentes delitos.<br><\/p>\n\n\n\n<p>En el Boulevard Adolfo L\u00f3pez Mateos, colonia El Potrero, en el municipio de Atizap\u00e1n de Zaragoza se llev\u00f3 a cabo la captura del probable implicado, quien estaba identificado como objetivo de la Operaci\u00f3n \u201cEnjambre\u201d.<br><\/p>\n\n\n\n<p>El detenido fue trasladado a instalaciones de la Fiscal\u00eda Edom\u00e9x donde fue certificado y despu\u00e9s qued\u00f3 a disposici\u00f3n de la Autoridad Judicial en el Centro Penitenciario y de Reinserci\u00f3n Social de Tlalnepantla.<br><\/p>\n\n\n\n<figure class=\"wp-block-image size-large\"><img fetchpriority=\"high\" decoding=\"async\" width=\"1024\" height=\"506\" src=\"https:\/\/elinformante.mx\/wp-content\/uploads\/2025\/05\/13el-havis-1024x506.jpg\" alt=\"\" class=\"wp-image-82841\" srcset=\"https:\/\/elinformante.mx\/wp-content\/uploads\/2025\/05\/13el-havis-1024x506.jpg 1024w, https:\/\/elinformante.mx\/wp-content\/uploads\/2025\/05\/13el-havis-300x148.jpg 300w, https:\/\/elinformante.mx\/wp-content\/uploads\/2025\/05\/13el-havis-768x379.jpg 768w, https:\/\/elinformante.mx\/wp-content\/uploads\/2025\/05\/13el-havis.jpg 1140w\" sizes=\"(max-width: 1024px) 100vw, 1024px\" \/><\/figure>\n\n\n\n<p>Con su detenci\u00f3n, a Francisco Javier \u201cN\u201d, alias \u201cEl Javis y\/o Arag\u00f3n\u201d, le fue cumplimentada orden de aprehensi\u00f3n en su contra por su probable participaci\u00f3n en la comisi\u00f3n de un homicidio registrado el 9 de febrero del a\u00f1o 2024, en la calle Francisco Villa, colonia La Libertad, en Nicol\u00e1s Romero.<br><\/p>\n\n\n\n<p>Las investigaciones determinaron que la v\u00edctima se encontraba en un negocio destinado a la venta de alimentos, lugar al que arribaron ocho individuos a bordo de dos veh\u00edculos compactos, de donde bajaron y detonaron sus armas contra esta persona, ocasion\u00e1ndole la muerte.<br><\/p>\n\n\n\n<p>La Fiscal\u00eda estableci\u00f3 que el ahora detenido, junto con individuos, quienes de igual forma se desempe\u00f1aban como elementos de la Polic\u00eda Municipal de Nicol\u00e1s Romero, habr\u00edan intervenido en este homicidio al obstruir con una unidad oficial la vialidad referida, para que otros veh\u00edculos no transitaran por el lugar y con ello facilitar que los autores materiales cometieran el homicidio.<br><\/p>\n\n\n\n<p>Tambi\u00e9n se determin\u00f3 que Francisco Javier \u201cN\u201d y los otros dos elementos de la Polic\u00eda Municipal, luego de ocurrido el hecho, pasaron por el lugar a bordo de la unidad, sin tomar ninguna acci\u00f3n.<br><\/p>\n\n\n\n<p>Adicionalmente, alias \u201cEl Javis y\/o Arag\u00f3n\u201d es investigado por su probable participaci\u00f3n en acciones para brindar protecci\u00f3n a integrantes de grupos delictivos con presencia en esa regi\u00f3n de la entidad, de quienes recib\u00eda numerario.<\/p>\n","protected":false},"excerpt":{"rendered":"<p>El detenido se desempe\u00f1aba como elemento de la Direcci\u00f3n de Seguridad P\u00fablica y Tr\u00e1nsito Municipal de Nicol\u00e1s Romero y es investigado por su probable intervenci\u00f3n en el delito de homicidio calificado. Se llev\u00f3 a cabo una serie de investigaciones por parte de elementos de DEFENSA, MARINA, GN, SSEM, FGJEM, as\u00ed como polic\u00edas municipales de Atizap\u00e1n [&hellip;]<\/p>\n","protected":false},"author":1,"featured_media":82840,"comment_status":"closed","ping_status":"closed","sticky":false,"template":"","format":"standard","meta":{"footnotes":""},"categories":[30,36,37],"tags":[],"class_list":["post-82839","post","type-post","status-publish","format-standard","has-post-thumbnail","hentry","category-destacado","category-edomex","category-justicia"],"_links":{"self":[{"href":"https:\/\/elinformante.mx\/index.php?rest_route=\/wp\/v2\/posts\/82839","targetHints":{"allow":["GET"]}}],"collection":[{"href":"https:\/\/elinformante.mx\/index.php?rest_route=\/wp\/v2\/posts"}],"about":[{"href":"https:\/\/elinformante.mx\/index.php?rest_route=\/wp\/v2\/types\/post"}],"author":[{"embeddable":true,"href":"https:\/\/elinformante.mx\/index.php?rest_route=\/wp\/v2\/users\/1"}],"replies":[{"embeddable":true,"href":"https:\/\/elinformante.mx\/index.php?rest_route=%2Fwp%2Fv2%2Fcomments&post=82839"}],"version-history":[{"count":0,"href":"https:\/\/elinformante.mx\/index.php?rest_route=\/wp\/v2\/posts\/82839\/revisions"}],"wp:featuredmedia":[{"embeddable":true,"href":"https:\/\/elinformante.mx\/index.php?rest_route=\/wp\/v2\/media\/82840"}],"wp:attachment":[{"href":"https:\/\/elinformante.mx\/index.php?rest_route=%2Fwp%2Fv2%2Fmedia&parent=82839"}],"wp:term":[{"taxonomy":"category","embeddable":true,"href":"https:\/\/elinformante.mx\/index.php?rest_route=%2Fwp%2Fv2%2Fcategories&post=82839"},{"taxonomy":"post_tag","embeddable":true,"href":"https:\/\/elinformante.mx\/index.php?rest_route=%2Fwp%2Fv2%2Ftags&post=82839"}],"curies":[{"name":"wp","href":"https:\/\/api.w.org\/{rel}","templated":true}]}}