{"id":82851,"date":"2025-05-09T06:09:49","date_gmt":"2025-05-09T12:09:49","guid":{"rendered":"https:\/\/elinformante.mx\/?p=82851"},"modified":"2025-05-12T02:37:46","modified_gmt":"2025-05-12T08:37:46","slug":"ana-muniz-implementa-operativo-de-seguridad-en-san-mateo-atenco-por-dia-de-las-madres","status":"publish","type":"post","link":"https:\/\/elinformante.mx\/?p=82851","title":{"rendered":"Ana Mu\u00f1iz implementa operativo de seguridad en San Mateo Atenco por d\u00eda de las Madres"},"content":{"rendered":"\n<figure class=\"wp-block-pullquote\"><blockquote><p>En este operativo participar\u00e1n elementos de la Secretar\u00eda de Seguridad y las corporaciones policiacas de seis municipios.<\/p><\/blockquote><\/figure>\n\n\n\n<p class=\"has-drop-cap\">En el municipio de San Mateo Atenco, la presidenta municipal Ana Mu\u00f1iz Neyra encabez\u00f3 en la Ciudad Mujeres el banderazo de salida al Operativo Interinstitucional de Seguridad que tiene como objetivo de garantizar la paz y el orden durante las celebraciones del D\u00eda de las Madres.<br><\/p>\n\n\n\n<p>En el operativo participar\u00e1n autoridades de los gobiernos federal y estatal, de la Guardia Nacional, de la Fiscal\u00eda General de Justicia del Estado de M\u00e9xico y de los titulares de \u00e1reas de seguridad p\u00fablica de San Mateo Atenco, Metepec, Calimaya, San Antonio La Isla, Mexicaltzingo y Chapultepec.<br><\/p>\n\n\n\n<p>Se tendr\u00e1 una vigilancia especial en las principales vialidades, zonas comerciales y espacios con gran afluencia de personas, como lo son plazas de calzado, la zona centro y los panteones de San Mateo Atenco.<br><\/p>\n\n\n\n<figure class=\"wp-block-image size-large\"><img fetchpriority=\"high\" decoding=\"async\" width=\"1024\" height=\"506\" src=\"https:\/\/elinformante.mx\/wp-content\/uploads\/2025\/05\/11ana-1024x506.jpg\" alt=\"\" class=\"wp-image-82853\" srcset=\"https:\/\/elinformante.mx\/wp-content\/uploads\/2025\/05\/11ana-1024x506.jpg 1024w, https:\/\/elinformante.mx\/wp-content\/uploads\/2025\/05\/11ana-300x148.jpg 300w, https:\/\/elinformante.mx\/wp-content\/uploads\/2025\/05\/11ana-768x379.jpg 768w, https:\/\/elinformante.mx\/wp-content\/uploads\/2025\/05\/11ana.jpg 1140w\" sizes=\"(max-width: 1024px) 100vw, 1024px\" \/><\/figure>\n\n\n\n<p>Este operativo mantendr\u00e1 una videovigilancia a trav\u00e9s del sistema de c\u00e1maras, los sobrevuelos de drones t\u00e1cticos en recorridos preventivos, el control de accesos al municipio, apoyo vial y puntos de atenci\u00f3n de Protecci\u00f3n Civil.<br><\/p>\n\n\n\n<p>Adem\u00e1s de coordinar las diferentes acciones con las direcciones de Gobernaci\u00f3n y de Desarrollo Econ\u00f3mico que garantizar\u00e1n el correcto funcionamiento del comercio de temporada, fijo y semifijo.<br><\/p>\n\n\n\n<p>Mu\u00f1iz Neyra se\u00f1al\u00f3 que en San Mateo Atenco se cumple su compromiso con la seguridad y el bienestar de las familias atenquenses y sus visitantes, invitando a celebrar este D\u00eda de las Madres en un ambiente de paz, tranquilidad, responsabilidad y armon\u00eda.<br><\/p>\n\n\n\n<p>Hizo un llamado a la poblaci\u00f3n para que atienda las recomendaciones de las autoridades y reportar cualquier emergencia al servicio telef\u00f3nico 9-1-1.<\/p>\n","protected":false},"excerpt":{"rendered":"<p>En este operativo participar\u00e1n elementos de la Secretar\u00eda de Seguridad y las corporaciones policiacas de seis municipios. En el municipio de San Mateo Atenco, la presidenta municipal Ana Mu\u00f1iz Neyra encabez\u00f3 en la Ciudad Mujeres el banderazo de salida al Operativo Interinstitucional de Seguridad que tiene como objetivo de garantizar la paz y el orden [&hellip;]<\/p>\n","protected":false},"author":1,"featured_media":82852,"comment_status":"closed","ping_status":"closed","sticky":false,"template":"","format":"standard","meta":{"footnotes":""},"categories":[36],"tags":[],"class_list":["post-82851","post","type-post","status-publish","format-standard","has-post-thumbnail","hentry","category-edomex"],"_links":{"self":[{"href":"https:\/\/elinformante.mx\/index.php?rest_route=\/wp\/v2\/posts\/82851","targetHints":{"allow":["GET"]}}],"collection":[{"href":"https:\/\/elinformante.mx\/index.php?rest_route=\/wp\/v2\/posts"}],"about":[{"href":"https:\/\/elinformante.mx\/index.php?rest_route=\/wp\/v2\/types\/post"}],"author":[{"embeddable":true,"href":"https:\/\/elinformante.mx\/index.php?rest_route=\/wp\/v2\/users\/1"}],"replies":[{"embeddable":true,"href":"https:\/\/elinformante.mx\/index.php?rest_route=%2Fwp%2Fv2%2Fcomments&post=82851"}],"version-history":[{"count":0,"href":"https:\/\/elinformante.mx\/index.php?rest_route=\/wp\/v2\/posts\/82851\/revisions"}],"wp:featuredmedia":[{"embeddable":true,"href":"https:\/\/elinformante.mx\/index.php?rest_route=\/wp\/v2\/media\/82852"}],"wp:attachment":[{"href":"https:\/\/elinformante.mx\/index.php?rest_route=%2Fwp%2Fv2%2Fmedia&parent=82851"}],"wp:term":[{"taxonomy":"category","embeddable":true,"href":"https:\/\/elinformante.mx\/index.php?rest_route=%2Fwp%2Fv2%2Fcategories&post=82851"},{"taxonomy":"post_tag","embeddable":true,"href":"https:\/\/elinformante.mx\/index.php?rest_route=%2Fwp%2Fv2%2Ftags&post=82851"}],"curies":[{"name":"wp","href":"https:\/\/api.w.org\/{rel}","templated":true}]}}