{"id":82862,"date":"2025-05-09T06:19:56","date_gmt":"2025-05-09T12:19:56","guid":{"rendered":"https:\/\/elinformante.mx\/?p=82862"},"modified":"2025-05-12T02:37:42","modified_gmt":"2025-05-12T08:37:42","slug":"uaemex-anuncia-arranque-de-la-tercera-temporada-de-la-compania-universitaria-de-teatro","status":"publish","type":"post","link":"https:\/\/elinformante.mx\/?p=82862","title":{"rendered":"UAEM\u00e9x anuncia arranque de la tercera temporada de la Compa\u00f1\u00eda Universitaria de Teatro"},"content":{"rendered":"\n<figure class=\"wp-block-pullquote\"><blockquote><p>Ser\u00e1n tres las puestas en escena en esta tercera temporada del a\u00f1o.<\/p><\/blockquote><\/figure>\n\n\n\n<p class=\"has-drop-cap\">La Compa\u00f1\u00eda Universitaria de Teatro (CUT) de la Universidad Aut\u00f3noma del Estado de M\u00e9xico iniciar\u00e1 su tercera temporada del a\u00f1o con un total de tres puestas en escena.<br><\/p>\n\n\n\n<p>Podr\u00e1n disfrutar en el Teatro Universitario \u201cLos Jaguares\u201d, de las puestas en escena \u201cArlequ\u00edn, Colombina y su Pandilla\u201d, la cual parte de la obra \u201cCanovacci\u201d del escritor Alberto Chimal, est\u00e1 puesta en escena ser\u00e1 presentada por el grupo Valija teatro y se podr\u00e1 disfrutar a partir del 8 de mayo al 29 de junio en un horario de jueves a s\u00e1bado 17:00 horas y los domingos a las 16:00 horas.<br><\/p>\n\n\n\n<figure class=\"wp-block-image size-large\"><img fetchpriority=\"high\" decoding=\"async\" width=\"1024\" height=\"506\" src=\"https:\/\/elinformante.mx\/wp-content\/uploads\/2025\/05\/10uaemex-2-1-1024x506.jpg\" alt=\"\" class=\"wp-image-82864\" srcset=\"https:\/\/elinformante.mx\/wp-content\/uploads\/2025\/05\/10uaemex-2-1-1024x506.jpg 1024w, https:\/\/elinformante.mx\/wp-content\/uploads\/2025\/05\/10uaemex-2-1-300x148.jpg 300w, https:\/\/elinformante.mx\/wp-content\/uploads\/2025\/05\/10uaemex-2-1-768x379.jpg 768w, https:\/\/elinformante.mx\/wp-content\/uploads\/2025\/05\/10uaemex-2-1.jpg 1140w\" sizes=\"(max-width: 1024px) 100vw, 1024px\" \/><\/figure>\n\n\n\n<p>Asimismo, se presentar\u00e1 la obra creada y dirigida por Alexis Casas Eleno \u201cLos Ac\u00e9falos\u201d del 8 de mayo al 29 de junio, jueves y s\u00e1bado a las 19:00 horas y los domingos a las 18:00 horas.<br><\/p>\n\n\n\n<p>Tambi\u00e9n se podr\u00e1 disfrutar de la puesta en escena \u201cLos cuentos del Jaguar\u201d creada por Israel R\u00edos y dirigida por Pilar Gallegos, los d\u00edas s\u00e1bados y domingos a las 13:00 horas a partir del 10 de mayo hasta el 29 de junio.<\/p>\n","protected":false},"excerpt":{"rendered":"<p>Ser\u00e1n tres las puestas en escena en esta tercera temporada del a\u00f1o. La Compa\u00f1\u00eda Universitaria de Teatro (CUT) de la Universidad Aut\u00f3noma del Estado de M\u00e9xico iniciar\u00e1 su tercera temporada del a\u00f1o con un total de tres puestas en escena. Podr\u00e1n disfrutar en el Teatro Universitario \u201cLos Jaguares\u201d, de las puestas en escena \u201cArlequ\u00edn, Colombina [&hellip;]<\/p>\n","protected":false},"author":1,"featured_media":82863,"comment_status":"closed","ping_status":"closed","sticky":false,"template":"","format":"standard","meta":{"footnotes":""},"categories":[30,36],"tags":[],"class_list":["post-82862","post","type-post","status-publish","format-standard","has-post-thumbnail","hentry","category-destacado","category-edomex"],"_links":{"self":[{"href":"https:\/\/elinformante.mx\/index.php?rest_route=\/wp\/v2\/posts\/82862","targetHints":{"allow":["GET"]}}],"collection":[{"href":"https:\/\/elinformante.mx\/index.php?rest_route=\/wp\/v2\/posts"}],"about":[{"href":"https:\/\/elinformante.mx\/index.php?rest_route=\/wp\/v2\/types\/post"}],"author":[{"embeddable":true,"href":"https:\/\/elinformante.mx\/index.php?rest_route=\/wp\/v2\/users\/1"}],"replies":[{"embeddable":true,"href":"https:\/\/elinformante.mx\/index.php?rest_route=%2Fwp%2Fv2%2Fcomments&post=82862"}],"version-history":[{"count":0,"href":"https:\/\/elinformante.mx\/index.php?rest_route=\/wp\/v2\/posts\/82862\/revisions"}],"wp:featuredmedia":[{"embeddable":true,"href":"https:\/\/elinformante.mx\/index.php?rest_route=\/wp\/v2\/media\/82863"}],"wp:attachment":[{"href":"https:\/\/elinformante.mx\/index.php?rest_route=%2Fwp%2Fv2%2Fmedia&parent=82862"}],"wp:term":[{"taxonomy":"category","embeddable":true,"href":"https:\/\/elinformante.mx\/index.php?rest_route=%2Fwp%2Fv2%2Fcategories&post=82862"},{"taxonomy":"post_tag","embeddable":true,"href":"https:\/\/elinformante.mx\/index.php?rest_route=%2Fwp%2Fv2%2Ftags&post=82862"}],"curies":[{"name":"wp","href":"https:\/\/api.w.org\/{rel}","templated":true}]}}