{"id":82885,"date":"2025-05-09T06:38:00","date_gmt":"2025-05-09T12:38:00","guid":{"rendered":"https:\/\/elinformante.mx\/?p=82885"},"modified":"2025-05-12T02:37:34","modified_gmt":"2025-05-12T08:37:34","slug":"colapsa-escenario-en-la-alcaldia-gustavo-a-madero-colocado-para-celebrar-el-dia-de-las-madres","status":"publish","type":"post","link":"https:\/\/elinformante.mx\/?p=82885","title":{"rendered":"Colapsa escenario en la alcald\u00eda Gustavo A. Madero colocado para celebrar el d\u00eda de las Madres"},"content":{"rendered":"\n<figure class=\"wp-block-pullquote\"><blockquote><p>No se reportaron p\u00e9rdidas humanas, pero el accidente dej\u00f3 a siete personas heridas.<\/p><\/blockquote><\/figure>\n\n\n\n<p class=\"has-drop-cap\">Se dio a conocer por medio de varios videos que un escenario colaps\u00f3 en la explanada de la alcald\u00eda Gustavo A. Madero, en la Ciudad de M\u00e9xico, donde se ten\u00eda programado un concierto por el D\u00eda de las Madres. El saldo del accidente fue de alrededor de siete personas lesionadas; pero no p\u00e9rdidas humanas.<br><\/p>\n\n\n\n<p>Se puede observar en las im\u00e1genes el momento exacto en que la estructura met\u00e1lica se viene abajo, mientras comenzaban a llegar los asistentes al evento de \u201dGrandiosas\u201d, donde se presentar\u00edan Alicia Villarreal, Ana Cirr\u00e9 y \u00c1ngela Carrasco, el cual iniciar\u00eda a las 18:00 horas. La ca\u00edda de la escenograf\u00eda ocurri\u00f3 a las 15:00.<br><\/p>\n\n\n\n<p>El escenario instalado en calle Vicente Villada, entre 5 de febrero, y la explanada de la alcald\u00eda Gustavo A. Madero, colaps\u00f3 minutos antes del show \u201cGrandiosas\u201d, donde se presentar\u00edan Alicia Villarreal, Ana Cirr\u00e9 y \u00c1ngela Carrasco.<br><\/p>\n\n\n\n<p>Varios usuarios en redes sociales grabaron y difundieron clips que muestran c\u00f3mo el templete cae repentinamente, al tiempo que se escucha el viento azotar con fuerza.<br><\/p>\n\n\n\n<p>De acuerdo con reportes preliminares, el incidente fue causado por las condiciones meteorol\u00f3gicas en la zona. Testigos se\u00f1alaron que momentos antes del colapso, se presentaron viento y lluvia.<br><\/p>\n\n\n\n<p>La estructura met\u00e1lica, que servir\u00eda como escenario principal del evento, no resisti\u00f3 el embate del clima. Protecci\u00f3n Civil indic\u00f3 que ya se hab\u00eda colocado cinta de seguridad para delimitar la zona de riesgo.<br><\/p>\n\n\n\n<p>Los servicios de emergencia atendieron en el lugar a al menos siete personas lesionadas, dos de ellas con heridas de prioridad. En el sitio trabajaron unidades del ERUM, Cruz Roja, SAMU CRUM, y el Cuerpo de Bomberos (Vulcanos), adem\u00e1s de personal de Protecci\u00f3n Civil GAM.<br><\/p>\n\n\n\n<p>Las labores de auxilio continuaron en el sitio para retirar la estructura ca\u00edda y revisar los da\u00f1os.<\/p>\n","protected":false},"excerpt":{"rendered":"<p>No se reportaron p\u00e9rdidas humanas, pero el accidente dej\u00f3 a siete personas heridas. Se dio a conocer por medio de varios videos que un escenario colaps\u00f3 en la explanada de la alcald\u00eda Gustavo A. Madero, en la Ciudad de M\u00e9xico, donde se ten\u00eda programado un concierto por el D\u00eda de las Madres. El saldo del [&hellip;]<\/p>\n","protected":false},"author":1,"featured_media":82886,"comment_status":"closed","ping_status":"closed","sticky":false,"template":"","format":"standard","meta":{"footnotes":""},"categories":[35],"tags":[],"class_list":["post-82885","post","type-post","status-publish","format-standard","has-post-thumbnail","hentry","category-cdmx"],"_links":{"self":[{"href":"https:\/\/elinformante.mx\/index.php?rest_route=\/wp\/v2\/posts\/82885","targetHints":{"allow":["GET"]}}],"collection":[{"href":"https:\/\/elinformante.mx\/index.php?rest_route=\/wp\/v2\/posts"}],"about":[{"href":"https:\/\/elinformante.mx\/index.php?rest_route=\/wp\/v2\/types\/post"}],"author":[{"embeddable":true,"href":"https:\/\/elinformante.mx\/index.php?rest_route=\/wp\/v2\/users\/1"}],"replies":[{"embeddable":true,"href":"https:\/\/elinformante.mx\/index.php?rest_route=%2Fwp%2Fv2%2Fcomments&post=82885"}],"version-history":[{"count":0,"href":"https:\/\/elinformante.mx\/index.php?rest_route=\/wp\/v2\/posts\/82885\/revisions"}],"wp:featuredmedia":[{"embeddable":true,"href":"https:\/\/elinformante.mx\/index.php?rest_route=\/wp\/v2\/media\/82886"}],"wp:attachment":[{"href":"https:\/\/elinformante.mx\/index.php?rest_route=%2Fwp%2Fv2%2Fmedia&parent=82885"}],"wp:term":[{"taxonomy":"category","embeddable":true,"href":"https:\/\/elinformante.mx\/index.php?rest_route=%2Fwp%2Fv2%2Fcategories&post=82885"},{"taxonomy":"post_tag","embeddable":true,"href":"https:\/\/elinformante.mx\/index.php?rest_route=%2Fwp%2Fv2%2Ftags&post=82885"}],"curies":[{"name":"wp","href":"https:\/\/api.w.org\/{rel}","templated":true}]}}