{"id":82894,"date":"2025-05-09T06:46:10","date_gmt":"2025-05-09T12:46:10","guid":{"rendered":"https:\/\/elinformante.mx\/?p=82894"},"modified":"2025-05-12T02:37:32","modified_gmt":"2025-05-12T08:37:32","slug":"clara-brugada-lanza-la-estrategia-vida-plena-corazon-contento","status":"publish","type":"post","link":"https:\/\/elinformante.mx\/?p=82894","title":{"rendered":"Clara Brugada lanza la estrategia \u201cVida Plena, Coraz\u00f3n Contento\u201d"},"content":{"rendered":"\n<figure class=\"wp-block-pullquote\"><blockquote><p>-Con 200 profesionales en salud mental se atender\u00e1n mil 2 secundarias; la meta es atender a m\u00e1s de 900 mil personas entre estudiantes y padres de familia<\/p><\/blockquote><\/figure>\n\n\n\n<p class=\"has-drop-cap\">Con el objetivo de garantizar una vida con salud mental, emocional y libre de violencia entre las juventudes y adolescencias, la Jefa de Gobierno, Clara Brugada Molina, encabez\u00f3 el lanzamiento de la estrategia escolar Vida Plena, Coraz\u00f3n Contento, cuya meta es brindar atenci\u00f3n integral a m\u00e1s de 900 mil personas, sobre todo estudiantes de planteles p\u00fablicos de nivel secundaria y medio superior en la Ciudad de M\u00e9xico.<br><\/p>\n\n\n\n<p>Desde la escuela secundaria general n\u00famero 69 Mart\u00edn V. Gonz\u00e1lez, en la alcald\u00eda Iztacalco, la mandataria capitalina destac\u00f3 que se trata de un programa con rostro humano y enfoque comunitario que incluye la atenci\u00f3n de casos, y el reto es que todas las escuelas se transformen en los espacios p\u00fablicos m\u00e1s importantes de la comunidad, porque ah\u00ed conviven ni\u00f1as, ni\u00f1os y adolescentes.<br><\/p>\n\n\n\n<p>Clara Brugada sostuvo que la ciudad es pionera al poner en marcha Vida Plena, Coraz\u00f3n Contento, estrategia que cuenta con 200 profesionales de la salud mental, que fueron seleccionados entre 5 mil aspirantes y que van a visitar las escuelas cada 15 d\u00edas para brindar acompa\u00f1amiento psicosocial, por medio de talleres psicoeducativos, di\u00e1logos comunitarios y proyectos estudiantiles; adem\u00e1s de ofrecer orientaci\u00f3n psicol\u00f3gica, desarrollar espacios de escucha y canalizar los casos que requieran atenci\u00f3n m\u00e1s especializada. La intervenci\u00f3n incluye prevenir casos de suicidio, depresi\u00f3n y adicciones.<br><\/p>\n\n\n\n<p>La mandataria capitalina aclar\u00f3 que la estrategia arranc\u00f3 desde los primeros d\u00edas de este a\u00f1o, al implementarse un plan piloto en 604 planteles educativos, donde ya ha dado resultados al brindar atenci\u00f3n a m\u00e1s de 6 mil estudiantes, a 5 mil 280 padres de familia y se trabaj\u00f3 con mil 309 docentes.<br><\/p>\n\n\n\n<figure class=\"wp-block-image size-large\"><img fetchpriority=\"high\" decoding=\"async\" width=\"1024\" height=\"506\" src=\"https:\/\/elinformante.mx\/wp-content\/uploads\/2025\/05\/5clara-3-1024x506.jpg\" alt=\"\" class=\"wp-image-82896\" srcset=\"https:\/\/elinformante.mx\/wp-content\/uploads\/2025\/05\/5clara-3-1024x506.jpg 1024w, https:\/\/elinformante.mx\/wp-content\/uploads\/2025\/05\/5clara-3-300x148.jpg 300w, https:\/\/elinformante.mx\/wp-content\/uploads\/2025\/05\/5clara-3-768x379.jpg 768w, https:\/\/elinformante.mx\/wp-content\/uploads\/2025\/05\/5clara-3.jpg 1140w\" sizes=\"(max-width: 1024px) 100vw, 1024px\" \/><\/figure>\n\n\n\n<p>Resalt\u00f3 que la meta de esta estrategia es llegar a mil 2 escuelas, de las cuales 730 son secundarias, que representan la totalidad de planteles p\u00fablicos capitalinos de este nivel, adem\u00e1s de 272 centros de bachillerato. Estim\u00f3 que en agosto se llegar\u00e1 a todos los centros p\u00fablicos de nivel medio superior de la ciudad.<br><\/p>\n\n\n\n<p>Precis\u00f3 que como parte de la estrategia habr\u00e1 un trabajo conjunto con madres y padres de familia y tutores, as\u00ed como con las y los maestros, quienes recibir\u00e1n capacitaci\u00f3n en temas de educaci\u00f3n emocional para identificar casos que requieran atenci\u00f3n.<br><\/p>\n\n\n\n<p>La secretaria de Salud, Nadine Gasman Zylbermann, explic\u00f3 que la salud mental, adem\u00e1s de ser un derecho humano, es una responsabilidad colectiva, en donde miembros de la comunidad estudiantil, as\u00ed como padres de familia y autoridades deben participar en la prevenci\u00f3n de actitudes da\u00f1inas para las y los j\u00f3venes, como el acoso escolar y el bullying, entre otras.<br><\/p>\n\n\n\n<p>Explic\u00f3 que la estrategia ser\u00e1 implementada bajo la psicoeducaci\u00f3n, la cual es una herramienta que combina la educaci\u00f3n con la salud mental; de esta forma, ni\u00f1as, ni\u00f1os y j\u00f3venes ser\u00e1n educados desde la empat\u00eda para as\u00ed reconocer necesidades y problemas.<br><\/p>\n\n\n\n<p>La alcaldesa de Iztacalco, Lourdes Paz Reyes, reconoci\u00f3 la visi\u00f3n y sensibilidad de la Jefa de Gobierno al colocar como eje central la salud mental de ni\u00f1as, ni\u00f1os y j\u00f3venes capitalinos.<\/p>\n","protected":false},"excerpt":{"rendered":"<p>-Con 200 profesionales en salud mental se atender\u00e1n mil 2 secundarias; la meta es atender a m\u00e1s de 900 mil personas entre estudiantes y padres de familia Con el objetivo de garantizar una vida con salud mental, emocional y libre de violencia entre las juventudes y adolescencias, la Jefa de Gobierno, Clara Brugada Molina, encabez\u00f3 [&hellip;]<\/p>\n","protected":false},"author":1,"featured_media":82895,"comment_status":"closed","ping_status":"closed","sticky":false,"template":"","format":"standard","meta":{"footnotes":""},"categories":[35,30],"tags":[],"class_list":["post-82894","post","type-post","status-publish","format-standard","has-post-thumbnail","hentry","category-cdmx","category-destacado"],"_links":{"self":[{"href":"https:\/\/elinformante.mx\/index.php?rest_route=\/wp\/v2\/posts\/82894","targetHints":{"allow":["GET"]}}],"collection":[{"href":"https:\/\/elinformante.mx\/index.php?rest_route=\/wp\/v2\/posts"}],"about":[{"href":"https:\/\/elinformante.mx\/index.php?rest_route=\/wp\/v2\/types\/post"}],"author":[{"embeddable":true,"href":"https:\/\/elinformante.mx\/index.php?rest_route=\/wp\/v2\/users\/1"}],"replies":[{"embeddable":true,"href":"https:\/\/elinformante.mx\/index.php?rest_route=%2Fwp%2Fv2%2Fcomments&post=82894"}],"version-history":[{"count":0,"href":"https:\/\/elinformante.mx\/index.php?rest_route=\/wp\/v2\/posts\/82894\/revisions"}],"wp:featuredmedia":[{"embeddable":true,"href":"https:\/\/elinformante.mx\/index.php?rest_route=\/wp\/v2\/media\/82895"}],"wp:attachment":[{"href":"https:\/\/elinformante.mx\/index.php?rest_route=%2Fwp%2Fv2%2Fmedia&parent=82894"}],"wp:term":[{"taxonomy":"category","embeddable":true,"href":"https:\/\/elinformante.mx\/index.php?rest_route=%2Fwp%2Fv2%2Fcategories&post=82894"},{"taxonomy":"post_tag","embeddable":true,"href":"https:\/\/elinformante.mx\/index.php?rest_route=%2Fwp%2Fv2%2Ftags&post=82894"}],"curies":[{"name":"wp","href":"https:\/\/api.w.org\/{rel}","templated":true}]}}